{"id":26903,"date":"2021-07-08T14:28:32","date_gmt":"2021-07-08T12:28:32","guid":{"rendered":"https:\/\/php8.plastv.de\/?p=26903"},"modified":"2021-07-08T14:40:27","modified_gmt":"2021-07-08T12:40:27","slug":"skz-mit-wichtigen-personellen-veraenderungen","status":"publish","type":"post","link":"https:\/\/plas.tv\/?p=26903","title":{"rendered":"SKZ mit wichtigen personellen Ver\u00e4nderungen"},"content":{"rendered":"<p><strong><em>Am Kunststoff-Zentrum SKZ stehen zur Jahresmitte entscheidende personelle Ver\u00e4nderungen an. So wird Dr. Eduard Kraus neuer Bereichsleiter F\u00fcgen und Oberfl\u00e4chentechnik, w\u00e4hrend Dr. Benjamin Baudrit die Bereichsleitung Materialentwicklung, Compoundieren und Extrudieren \u00fcbernimmt.<\/em><\/strong><\/p>\n<p>Am 1. Juli 2021 wurde Dr. Eduard Kraus neuer Bereichsleiter F\u00fcgen und Oberfl\u00e4chentechnik am Kunststoff-Zentrum in W\u00fcrzburg. In den vergangenen Jahren hatte der promovierte Ingenieur die zugeh\u00f6rige Forschergruppe mit viel Engagement und gro\u00dfem Erfolg gef\u00fchrt. In seiner neuen Funktion ist er nun Ansprechpartner f\u00fcr den gesamten Bereich F\u00fcgetechnik mit den Forschungs- sowie Aus- und Weiterbildungsschweraktivit\u00e4ten rund um Schwei\u00dfen, Kleben, Direktf\u00fcgen und Oberfl\u00e4chentechnik. Das SKZ setzt mit der Neubesetzung dieser Position durch einen ausgewiesenen Fachmann, der mehr als 15 Jahre Erfahrung auf diesem Gebiet mitbringt, ein starkes Zeichen. \u201eEs ist f\u00fcr mich eine gro\u00dfe Freude, dass wir diese Position mit Eduard Kraus aus den eigenen Reihen besetzen k\u00f6nnen. Damit profitieren wir von seinem Erfahrungsschatz und seine f\u00fcgetechnische Kompetenz. Kontinuit\u00e4t ist gerade in diesen Zeichen ein wichtiger Stabilit\u00e4tsfaktor\u201c, freut sich Dr. Thomas Hochrein, Gesch\u00e4ftsf\u00fchrer der SKZ &#8211; KFE gGmbH.<\/p>\n<p>Damit tritt Kraus als Nachfolger von Dr. Benjamin Baudrit in gro\u00dfe Fu\u00dfstapfen. Als Chemiker hatte Baudrit 2004 begonnen, das heute sehr erfolgreiche Gesch\u00e4ftsfeld F\u00fcgen und Oberfl\u00e4chentechnik neu zu initiieren und aufzubauen. Baudrit ist gefragter Fachmann und Gespr\u00e4chspartner in zahlreichen Gremien und Aussch\u00fcssen. Seine langj\u00e4hrige f\u00fcgetechnische Erfahrung am SKZ gibt Baudrit nun in neue f\u00e4hige H\u00e4nde und wird sich Mitte des Jahres neuen Herausforderungen innerhalb des SKZ stellen. So wird er ab sofort die Bereichsleitung Materialentwicklung, Compoundieren und Extrudieren \u00fcbernehmen. \u201eIch finde es toll, dass Benjamin Baudrit diese neue Herausforderung angenommen hat und mit seiner langj\u00e4hrigen Fach- und F\u00fchrungserfahrung nun den Bereich Materialien, Compoundieren und Extrudieren unterst\u00fctzt und mit seinen Gedanken bereichert. F\u00fcr seine neuen Aufgaben w\u00fcnsche ich ihm alles erdenklich Gute!\u201c, so Hochrein. Benjamin Baudrit bereitet damit auch bereits den \u00dcbergang zu Johannes Rudloff als perspektivischen Bereichsleiter vor, der aktuell an der Finalisierung seiner Promotion arbeitet. Neben der Bereichsleitung f\u00fcr Materialien, Compoundieren und Extrudieren leitet Herr Baudrit weiterhin auch den Bereich Produkte &amp; Prozesse und ist als Prokurist im SKZ t\u00e4tig.<\/p>\n","protected":false},"excerpt":{"rendered":"<p>Am 1. Juli 2021 wurde Dr. Eduard Kraus neuer Bereichsleiter F\u00fcgen und Oberfl\u00e4chentechnik am Kunststoff-Zentrum in W\u00fcrzburg. In den&#8230;<\/p>\n","protected":false},"author":2,"featured_media":26904,"comment_status":"closed","ping_status":"closed","sticky":false,"template":"","format":"standard","meta":{"footnotes":""},"categories":[24,16],"tags":[],"series":[],"class_list":["post-26903","post","type-post","status-publish","format-standard","has-post-thumbnail","hentry","category-plas-tv-meldungen-auf-der-startseite-unterhalb-slider","category-plast-tv-textmeldungen"],"_links":{"self":[{"href":"https:\/\/plas.tv\/index.php?rest_route=\/wp\/v2\/posts\/26903","targetHints":{"allow":["GET"]}}],"collection":[{"href":"https:\/\/plas.tv\/index.php?rest_route=\/wp\/v2\/posts"}],"about":[{"href":"https:\/\/plas.tv\/index.php?rest_route=\/wp\/v2\/types\/post"}],"author":[{"embeddable":true,"href":"https:\/\/plas.tv\/index.php?rest_route=\/wp\/v2\/users\/2"}],"replies":[{"embeddable":true,"href":"https:\/\/plas.tv\/index.php?rest_route=%2Fwp%2Fv2%2Fcomments&post=26903"}],"version-history":[{"count":1,"href":"https:\/\/plas.tv\/index.php?rest_route=\/wp\/v2\/posts\/26903\/revisions"}],"predecessor-version":[{"id":26905,"href":"https:\/\/plas.tv\/index.php?rest_route=\/wp\/v2\/posts\/26903\/revisions\/26905"}],"wp:featuredmedia":[{"embeddable":true,"href":"https:\/\/plas.tv\/index.php?rest_route=\/wp\/v2\/media\/26904"}],"wp:attachment":[{"href":"https:\/\/plas.tv\/index.php?rest_route=%2Fwp%2Fv2%2Fmedia&parent=26903"}],"wp:term":[{"taxonomy":"category","embeddable":true,"href":"https:\/\/plas.tv\/index.php?rest_route=%2Fwp%2Fv2%2Fcategories&post=26903"},{"taxonomy":"post_tag","embeddable":true,"href":"https:\/\/plas.tv\/index.php?rest_route=%2Fwp%2Fv2%2Ftags&post=26903"},{"taxonomy":"series","embeddable":true,"href":"https:\/\/plas.tv\/index.php?rest_route=%2Fwp%2Fv2%2Fseries&post=26903"}],"curies":[{"name":"wp","href":"https:\/\/api.w.org\/{rel}","templated":true}]}}