{"id":26918,"date":"2021-07-12T09:44:31","date_gmt":"2021-07-12T07:44:31","guid":{"rendered":"https:\/\/php8.plastv.de\/?p=26918"},"modified":"2021-07-12T09:44:31","modified_gmt":"2021-07-12T07:44:31","slug":"basf-gruppe-legt-vorlaeufige-zahlen-fuer-das-2-quartal-2021-vor","status":"publish","type":"post","link":"https:\/\/plas.tv\/?p=26918","title":{"rendered":"BASF-Gruppe legt vorl\u00e4ufige Zahlen f\u00fcr das 2. Quartal 2021 vor"},"content":{"rendered":"<div class=\"title aem-GridColumn aem-GridColumn--default--12\">\n<div class=\"cmp-title\">\n<h1 class=\"cmp-title__text\">BASF-Gruppe legt vorl\u00e4ufige Zahlen f\u00fcr das 2. Quartal 2021 vor und erh\u00f6ht Ausblick f\u00fcr das Gesamtjahr 2021<\/h1>\n<\/div>\n<\/div>\n<div class=\"text component aem-GridColumn--default--none aem-GridColumn--default--9 aem-GridColumn aem-GridColumn--offset--default--0\">\n<div id=\"text-455416412\" class=\"anchor\"><\/div>\n<div class=\"text component textbody\">\n<div id=\"text-2769cab6e5\" class=\"cmp-text\">\n<p><u><b>2. Quartal 2021:<\/b><\/u><\/p>\n<ul>\n<li><b>Umsatz mit voraussichtlich 19.753 Millionen \u20ac<br \/>\n(2.\u00a0Quartal 2020: 12.680 Millionen \u20ac)<\/b><\/li>\n<li><b>EBIT vor Sondereinfl\u00fcssen mit voraussichtlich 2.355 Millionen \u20ac (2.\u00a0Quartal\u00a02020: 226 Millionen \u20ac)<\/b><\/li>\n<li><b>EBIT mit voraussichtlich 2.316 Millionen \u20ac<br \/>\n(2.\u00a0Quartal 2020: 59\u00a0Millionen\u00a0\u20ac)<\/b><\/li>\n<\/ul>\n<p><b><u>Ausblick 2021:<\/u><\/b><\/p>\n<ul>\n<li><b>Umsatz zwischen 74 Milliarden \u20ac und 77\u00a0Milliarden\u00a0\u20ac erwartet<br \/>\n(bisheriger Ausblick 2021: 68\u00a0Milliarden \u20ac bis 71 Milliarden \u20ac)<\/b><\/li>\n<li><b>EBIT vor Sondereinfl\u00fcssen zwischen 7,0\u00a0Milliarden \u20ac und 7,5 Milliarden \u20ac erwartet (bisheriger Ausblick 2021: 5,0 Milliarden \u20ac bis 5,8 Milliarden \u20ac)<\/b><\/li>\n<\/ul>\n<p>Die BASF-Gruppe legt vorl\u00e4ufige Zahlen f\u00fcr das 2. Quartal 2021 vor. Der <b>Umsatz<\/b> stieg im 2.\u00a0Quartal 2021 um 55,8\u00a0% auf 19.753\u00a0Millionen\u00a0\u20ac (2.\u00a0Quartal 2020: 12.680\u00a0Millionen\u00a0\u20ac). Ausschlaggebend hierf\u00fcr waren h\u00f6here Preise (+35\u00a0%) und Mengen (+28\u00a0%); negative W\u00e4hrungseffekte (\u20137\u00a0%) wirkten gegenl\u00e4ufig. Die durchschnittlichen Analystensch\u00e4tzungen f\u00fcr den Umsatz der BASF-Gruppe im 2.\u00a0Quartal 2021 liegen bei 17.157\u00a0Millionen\u00a0\u20ac.<\/p>\n<p>Das operative Gesch\u00e4ft der BASF-Gruppe konnte im 2. Quartal 2021 an die starke Entwicklung seit dem 4. Quartal 2020 ankn\u00fcpfen. Das <b>EBIT vor Sondereinfl\u00fcssen<\/b> lag mit voraussichtlich 2.355\u00a0Millionen\u00a0\u20ac deutlich \u00fcber dem Wert des pandemiebedingt schwachen Vorjahresquartals (2.\u00a0Quartal 2020: 226\u00a0Millionen\u00a0\u20ac). Die durchschnittlichen Analystensch\u00e4tzungen f\u00fcr das EBIT vor Sondereinfl\u00fcssen der BASF-Gruppe im 2. Quartal 2021 liegen mit 1.965\u00a0Millionen\u00a0\u20ac deutlich unter diesem Wert.<\/p>\n<p>Die durchschnittlichen Analystensch\u00e4tzungen f\u00fcr das EBIT vor Sondereinfl\u00fcssen der Segmente wurden im 2. Quartal 2021 deutlich \u00fcbertroffen von den Segmenten Chemicals, Materials und Industrial Solutions. Im Segment Surface Technologies lag das EBIT vor Sondereinfl\u00fcssen leicht unter dem Analystenkonsens, w\u00e4hrend es in den Segmenten Agricultural Solutions und Nutrition &amp; Care deutlich hinter den durchschnittlichen Analystensch\u00e4tzungen zur\u00fcckblieb. Das EBIT vor Sondereinfl\u00fcssen von Sonstige lag auf dem von Analysten durchschnittlich erwarteten Niveau.<\/p>\n<p>Das <b>EBIT<\/b> der BASF-Gruppe lag im 2. Quartal 2021 mit voraussichtlich 2.316\u00a0Millionen\u00a0\u20ac deutlich \u00fcber dem pandemiebedingt schwachen Wert des Vorjahresquartals (2.\u00a0Quartal 2020: 59\u00a0Millionen \u20ac). Das EBIT des 2. Quartals 2021 beinhaltet einen vorl\u00e4ufigen Ver\u00e4u\u00dferungsgewinn in H\u00f6he eines mittleren zweistelligen Millionen-Euro-Betrags aus der Devestition des Pigmentgesch\u00e4fts. Die durchschnittlichen Analystensch\u00e4tzungen f\u00fcr das EBIT im 2.\u00a0Quartal 2021 betragen 1.929 Millionen\u00a0\u20ac.<\/p>\n<p><b>Ausblick 2021 f\u00fcr die BASF-Gruppe<\/b><\/p>\n<p>Aufgrund der starken Gesch\u00e4ftsentwicklung im ersten Halbjahr 2021 (Umsatz 1.\u00a0Halbjahr 2021: 39.153 Millionen \u20ac; EBIT vor Sondereinfl\u00fcssen 1. Halbjahr 2021: 4.676 Millionen \u20ac) erh\u00f6ht BASF den Ausblick 2021 f\u00fcr Umsatz und EBIT vor Sondereinfl\u00fcssen. F\u00fcr das Gesamtjahr 2021 erwartet die BASF-Gruppe nunmehr einen <b>Umsatz<\/b> in H\u00f6he von 74\u00a0Milliarden\u00a0\u20ac bis 77 Milliarden \u20ac (bisheriger Ausblick 2021: 68 Milliarden \u20ac bis 71\u00a0Milliarden\u00a0\u20ac; durchschnittliche Analystensch\u00e4tzungen 2021: 68.654 Millionen \u20ac; Gesamtjahr 2020: 59.149\u00a0Millionen\u00a0\u20ac). F\u00fcr das <b>EBIT vor Sondereinfl\u00fcssen<\/b> wird nunmehr mit einem Wert zwischen 7,0\u00a0Milliarden \u20ac und 7,5\u00a0Milliarden\u00a0\u20ac im Jahr 2021 gerechnet (bisheriger Ausblick 2021: 5,0\u00a0Milliarden \u20ac bis 5,8 Milliarden \u20ac; durchschnittliche Analystensch\u00e4tzungen 2021: 6.299\u00a0Millionen\u00a0\u20ac; Gesamtjahr 2020: 3.560\u00a0Millionen\u00a0\u20ac). Die deutlich gestiegenen Ergebniserwartungen der Segmente Chemicals und Materials sind f\u00fcr die Anhebung der Prognose 2021 ma\u00dfgeblich.<\/p>\n<p>Diesem Ausblick liegen folgende Annahmen zu den weltweiten wirtschaftlichen Rahmenbedingungen f\u00fcr das Jahr 2021 zugrunde:<\/p>\n<ul>\n<li>Wachstum des Bruttoinlandsprodukts: 5,5 % (bisher: 5,0 %)<\/li>\n<li>Wachstum der Industrieproduktion: 6,5 % (bisher: 5,0 %)<\/li>\n<li>Wachstum der Chemieproduktion: 6,5 % (bisher: 5,0 %)<\/li>\n<li>US-Dollar-Wechselkurs von durchschnittlich 1,20 US$\/\u20ac (bisher: 1,18 US$\/\u20ac)<\/li>\n<li>\u00d6lpreis der Sorte Brent von 65 US$\/Barrel im Jahresdurchschnitt<br \/>\n(bisher: 60\u00a0US$\/Barrel)<\/li>\n<\/ul>\n<p>BASF unterstellt in ihrer Prognose, dass es in der zweiten Jahresh\u00e4lfte 2021 nicht zu starken Einschr\u00e4nkungen der wirtschaftlichen Aktivit\u00e4t durch Ma\u00dfnahmen zur Bek\u00e4mpfung der COVID-19 Pandemie kommt.<\/p>\n<\/div>\n<\/div>\n<\/div>\n","protected":false},"excerpt":{"rendered":"<p>Die BASF-Gruppe legt vorl\u00e4ufige Zahlen f\u00fcr das 2. Quartal 2021 vor. Der Umsatz stieg im 2.\u00a0Quartal 2021 um 55,8\u00a0% auf 19.753\u00a0Millionen\u00a0\u20ac&#8230;<\/p>\n","protected":false},"author":2,"featured_media":25213,"comment_status":"closed","ping_status":"closed","sticky":false,"template":"","format":"standard","meta":{"footnotes":""},"categories":[24,16],"tags":[],"series":[],"class_list":["post-26918","post","type-post","status-publish","format-standard","has-post-thumbnail","hentry","category-plas-tv-meldungen-auf-der-startseite-unterhalb-slider","category-plast-tv-textmeldungen"],"_links":{"self":[{"href":"https:\/\/plas.tv\/index.php?rest_route=\/wp\/v2\/posts\/26918","targetHints":{"allow":["GET"]}}],"collection":[{"href":"https:\/\/plas.tv\/index.php?rest_route=\/wp\/v2\/posts"}],"about":[{"href":"https:\/\/plas.tv\/index.php?rest_route=\/wp\/v2\/types\/post"}],"author":[{"embeddable":true,"href":"https:\/\/plas.tv\/index.php?rest_route=\/wp\/v2\/users\/2"}],"replies":[{"embeddable":true,"href":"https:\/\/plas.tv\/index.php?rest_route=%2Fwp%2Fv2%2Fcomments&post=26918"}],"version-history":[{"count":1,"href":"https:\/\/plas.tv\/index.php?rest_route=\/wp\/v2\/posts\/26918\/revisions"}],"predecessor-version":[{"id":26919,"href":"https:\/\/plas.tv\/index.php?rest_route=\/wp\/v2\/posts\/26918\/revisions\/26919"}],"wp:featuredmedia":[{"embeddable":true,"href":"https:\/\/plas.tv\/index.php?rest_route=\/wp\/v2\/media\/25213"}],"wp:attachment":[{"href":"https:\/\/plas.tv\/index.php?rest_route=%2Fwp%2Fv2%2Fmedia&parent=26918"}],"wp:term":[{"taxonomy":"category","embeddable":true,"href":"https:\/\/plas.tv\/index.php?rest_route=%2Fwp%2Fv2%2Fcategories&post=26918"},{"taxonomy":"post_tag","embeddable":true,"href":"https:\/\/plas.tv\/index.php?rest_route=%2Fwp%2Fv2%2Ftags&post=26918"},{"taxonomy":"series","embeddable":true,"href":"https:\/\/plas.tv\/index.php?rest_route=%2Fwp%2Fv2%2Fseries&post=26918"}],"curies":[{"name":"wp","href":"https:\/\/api.w.org\/{rel}","templated":true}]}}