{"id":26965,"date":"2021-07-13T11:33:04","date_gmt":"2021-07-13T09:33:04","guid":{"rendered":"https:\/\/php8.plastv.de\/?p=26965"},"modified":"2021-07-13T11:33:04","modified_gmt":"2021-07-13T09:33:04","slug":"der-weg-zur-klimaneutralen-produktion","status":"publish","type":"post","link":"https:\/\/plas.tv\/?p=26965","title":{"rendered":"Der Weg zur klimaneutralen Produktion"},"content":{"rendered":"<p><strong>Der Industrie Podcast des VDMA<\/strong><\/p>\n<p>Klimaneutral produzieren ist f\u00fcr die Maschinen- und Anlagenbauer eine Kernaufgabe der kommenden Jahre. Einerseits, weil es das technologische Know-how des Maschinenbaus braucht, um Produktionsst\u00e4tten aller Art umzur\u00fcsten und die steigenden Anforderungen an Energieeffizienz und Ressourceneinsatz zu erf\u00fcllen. Andererseits sind die Maschinen- und Anlagenbauer auch selbst gefordert, mit ihren Werken in eine klimaneutrale Zukunft zu steuern. Wie das gelingen kann und welche Herausforderungen und L\u00f6sungen dabei auf die Unternehmen warten, erl\u00e4utert die neue Folge des Industrie Podcast des VDMA: <a href=\"https:\/\/derindustriepodcast.podigee.io\/\">Der INDUSTRIE PODCAST des VDMA (podigee.io)<\/a><\/p>\n<p><strong>Im Gespr\u00e4ch mit dem \u00d6ko-Institut<\/strong><br \/>\nCarl-Otto Gensch, Bereichsleiter Produkte und Stoffstr\u00f6me im \u00d6ko-Institut Freiburg und Dr. Sarah Br\u00fcckner, Abteilungsleiterin Technik, Umwelt und Nachhaltigkeit im VDMA, er\u00f6rtern im Podcast, wie Unternehmen den Sprung in die klimaneutrale Produktion konkret angehen k\u00f6nnen, welche Einsparpotentiale an CO<sub>2<\/sub>-\u00c4quivalenz es gibt und welche Rolle Kompensationen dabei spielen k\u00f6nnen. Klar ist: einen K\u00f6nigsweg gibt es nicht, aber die Zeit dr\u00e4ngt und der Druck von au\u00dfen auf alle Firmen w\u00e4chst. \u201eDeshalb empfehlen wir allen Firmen, sich jetzt auf den Weg zu machen\u201c, betont Dr. Br\u00fcckner.<\/p>\n<p>Der Industrie Podcast des VDMA besch\u00e4ftigt sich in monatlicher Folge mit wichtigen Themen des Maschinen- und Anlagenbaus und beleuchtet diese aus verschiedenen Blickwinkeln. Expertinnen und Experten aus Wissenschaft und Praxis diskutieren mit den Fachleuten des VDMA und suchen gemeinsam nach L\u00f6sungen.<\/p>\n<p>Die Podcast-Reihe des VDMA ist zu h\u00f6ren auf Podigee, Spotify und Apple Podcast.<\/p>\n<p>&nbsp;<\/p>\n","protected":false},"excerpt":{"rendered":"<p>Klimaneutral produzieren ist f\u00fcr die Maschinen- und Anlagenbauer eine Kernaufgabe der kommenden Jahre. Einerseits, weil es das&#8230;<\/p>\n","protected":false},"author":2,"featured_media":6409,"comment_status":"closed","ping_status":"closed","sticky":false,"template":"","format":"standard","meta":{"footnotes":""},"categories":[24,16],"tags":[],"series":[],"class_list":["post-26965","post","type-post","status-publish","format-standard","has-post-thumbnail","hentry","category-plas-tv-meldungen-auf-der-startseite-unterhalb-slider","category-plast-tv-textmeldungen"],"_links":{"self":[{"href":"https:\/\/plas.tv\/index.php?rest_route=\/wp\/v2\/posts\/26965","targetHints":{"allow":["GET"]}}],"collection":[{"href":"https:\/\/plas.tv\/index.php?rest_route=\/wp\/v2\/posts"}],"about":[{"href":"https:\/\/plas.tv\/index.php?rest_route=\/wp\/v2\/types\/post"}],"author":[{"embeddable":true,"href":"https:\/\/plas.tv\/index.php?rest_route=\/wp\/v2\/users\/2"}],"replies":[{"embeddable":true,"href":"https:\/\/plas.tv\/index.php?rest_route=%2Fwp%2Fv2%2Fcomments&post=26965"}],"version-history":[{"count":1,"href":"https:\/\/plas.tv\/index.php?rest_route=\/wp\/v2\/posts\/26965\/revisions"}],"predecessor-version":[{"id":26966,"href":"https:\/\/plas.tv\/index.php?rest_route=\/wp\/v2\/posts\/26965\/revisions\/26966"}],"wp:featuredmedia":[{"embeddable":true,"href":"https:\/\/plas.tv\/index.php?rest_route=\/wp\/v2\/media\/6409"}],"wp:attachment":[{"href":"https:\/\/plas.tv\/index.php?rest_route=%2Fwp%2Fv2%2Fmedia&parent=26965"}],"wp:term":[{"taxonomy":"category","embeddable":true,"href":"https:\/\/plas.tv\/index.php?rest_route=%2Fwp%2Fv2%2Fcategories&post=26965"},{"taxonomy":"post_tag","embeddable":true,"href":"https:\/\/plas.tv\/index.php?rest_route=%2Fwp%2Fv2%2Ftags&post=26965"},{"taxonomy":"series","embeddable":true,"href":"https:\/\/plas.tv\/index.php?rest_route=%2Fwp%2Fv2%2Fseries&post=26965"}],"curies":[{"name":"wp","href":"https:\/\/api.w.org\/{rel}","templated":true}]}}