{"id":26972,"date":"2021-07-14T09:38:21","date_gmt":"2021-07-14T07:38:21","guid":{"rendered":"https:\/\/php8.plastv.de\/?p=26972"},"modified":"2021-07-13T11:39:07","modified_gmt":"2021-07-13T09:39:07","slug":"lightcon-wird-in-den-fruehsommer-2022-verschoben","status":"publish","type":"post","link":"https:\/\/plas.tv\/?p=26972","title":{"rendered":"LightCon wird in den Fr\u00fchsommer 2022 verschoben"},"content":{"rendered":"<p><em>Die zuletzt f\u00fcr Anfang Oktober 2021 geplante Neuveranstaltung LightCon wird verschoben. Der neue Messetermin \u2013 und damit Premierenstart der LightCon \u2013 ist der Fr\u00fchsommer 2022.<\/em><\/p>\n<p><strong>Hannover.<\/strong> Angesichts der r\u00fcckl\u00e4ufigen Corona-Zahlen k\u00f6nnen Messen im Herbst grunds\u00e4tzlich wieder stattfinden. Dies gilt aus Sicht der Messeveranstalter in Hannover allerdings vor allem f\u00fcr etablierte Messen, die bereits seit mehreren Jahren ausgerichtet werden. F\u00fcr die Durchf\u00fchrung einer erfolgreichen Premierenveranstaltung seien andere Rahmenbedingungen erforderlich, die zum jetzigen Zeitpunkt noch nicht gegeben sind. Die Veranstalter*innen und der Beirat der neuen material-, technologie- und anwender*innen\u00fcbergreifenden Konferenzmesse LightCon haben sich daher darauf verst\u00e4ndigt, den Start der Erstveranstaltung zu verschieben. Die Premiere der LightCon ist nun im Fr\u00fchsommer 2022 geplant.<\/p>\n<p>\u201eDas Thema Leichtbau \u00fcbergreifend zu pr\u00e4sentieren, ist ein in der Messewelt neuer Ansatz. Die Gespr\u00e4che mit unseren Ausstellern und Partnern haben gezeigt, dass der Markt reif ist, allerdings m\u00fcssen die Corona-bedingten Unsicherheiten ber\u00fccksichtigt werden. Ein Start im Oktober ist unter den aktuellen Voraussetzungen leider nicht realisierbar\u201c, erkl\u00e4rt Jochen K\u00f6ckler, Vorstandsvorsitzender der Deutschen Messe AG.<\/p>\n<p>Nichtsdestotrotz glauben die Veranstalter fest an das Konzept und die damit verbundenen Chancen, die Leichtbau-Community auf der LightCon 2022 zusammenzubringen.<\/p>\n<p>Nicht nur die Nachfrage f\u00fcr Leichtbauprodukte, sondern auch das Angebot entwickeln sich mit hohen Zuwachsraten. Leichtbautechnologien sind gerade vor dem Hintergrund der zunehmenden Bedeutung der Energie- und Ressourceneffizienz entscheidend f\u00fcr die Leistungs- und Wettbewerbsf\u00e4higkeit der Wirtschaft. Insbesondere dem multimaterialen Leichtbau wird eine gro\u00dfe Zukunft in der Automobilindustrie, der Luft- und Raumfahrt, im Maschinen- und Anlagenbau, der Bauindustrie, aber auch im medizinischen Sektor vorhergesagt. Kurzum: Leichtbau z\u00e4hlt zu den wichtigsten Wachstumsm\u00e4rkten der kommenden Jahre und bietet auch f\u00fcr kleinere und mittlere Unternehmen gute Chancen.<\/p>\n<p>Unterst\u00fctzt wird die Messe unter anderem vom Bundeswirtschaftsministerium, welches hohe F\u00f6rdersummen in das Thema Leichtbau investiert, um Deutschland in diesem Bereich voranzubringen.<\/p>\n","protected":false},"excerpt":{"rendered":"<p>Angesichts der r\u00fcckl\u00e4ufigen Corona-Zahlen k\u00f6nnen Messen im Herbst grunds\u00e4tzlich wieder stattfinden. Dies gilt aus Sicht der Messeveranstalter&#8230;<\/p>\n","protected":false},"author":2,"featured_media":26441,"comment_status":"closed","ping_status":"closed","sticky":false,"template":"","format":"standard","meta":{"footnotes":""},"categories":[24,16],"tags":[],"series":[],"class_list":["post-26972","post","type-post","status-publish","format-standard","has-post-thumbnail","hentry","category-plas-tv-meldungen-auf-der-startseite-unterhalb-slider","category-plast-tv-textmeldungen"],"_links":{"self":[{"href":"https:\/\/plas.tv\/index.php?rest_route=\/wp\/v2\/posts\/26972","targetHints":{"allow":["GET"]}}],"collection":[{"href":"https:\/\/plas.tv\/index.php?rest_route=\/wp\/v2\/posts"}],"about":[{"href":"https:\/\/plas.tv\/index.php?rest_route=\/wp\/v2\/types\/post"}],"author":[{"embeddable":true,"href":"https:\/\/plas.tv\/index.php?rest_route=\/wp\/v2\/users\/2"}],"replies":[{"embeddable":true,"href":"https:\/\/plas.tv\/index.php?rest_route=%2Fwp%2Fv2%2Fcomments&post=26972"}],"version-history":[{"count":1,"href":"https:\/\/plas.tv\/index.php?rest_route=\/wp\/v2\/posts\/26972\/revisions"}],"predecessor-version":[{"id":26973,"href":"https:\/\/plas.tv\/index.php?rest_route=\/wp\/v2\/posts\/26972\/revisions\/26973"}],"wp:featuredmedia":[{"embeddable":true,"href":"https:\/\/plas.tv\/index.php?rest_route=\/wp\/v2\/media\/26441"}],"wp:attachment":[{"href":"https:\/\/plas.tv\/index.php?rest_route=%2Fwp%2Fv2%2Fmedia&parent=26972"}],"wp:term":[{"taxonomy":"category","embeddable":true,"href":"https:\/\/plas.tv\/index.php?rest_route=%2Fwp%2Fv2%2Fcategories&post=26972"},{"taxonomy":"post_tag","embeddable":true,"href":"https:\/\/plas.tv\/index.php?rest_route=%2Fwp%2Fv2%2Ftags&post=26972"},{"taxonomy":"series","embeddable":true,"href":"https:\/\/plas.tv\/index.php?rest_route=%2Fwp%2Fv2%2Fseries&post=26972"}],"curies":[{"name":"wp","href":"https:\/\/api.w.org\/{rel}","templated":true}]}}