{"id":26974,"date":"2021-07-14T08:56:04","date_gmt":"2021-07-14T06:56:04","guid":{"rendered":"https:\/\/php8.plastv.de\/?p=26974"},"modified":"2021-07-13T12:01:43","modified_gmt":"2021-07-13T10:01:43","slug":"neues-wasch-und-sortierverfahren-ermoeglicht-mehr-recycling-fuer-kunststoffe-aus-dem-gelben-sack","status":"publish","type":"post","link":"https:\/\/plas.tv\/?p=26974","title":{"rendered":"Neues Wasch- und Sortierverfahren erm\u00f6glicht mehr Recycling f\u00fcr Kunststoffe aus dem gelben Sack"},"content":{"rendered":"<div class=\"o-body\">\n<div class=\"o-body__section\">\n<div class=\"h-accessibility\">Die Kunststoff Recycling Gr\u00fcnstadt GmbH aus Rheinland-Pfalz erh\u00e4lt f\u00fcr ihr Pilotprojekt rund vier Millionen Euro aus dem Umweltinnovationsprogramm.<\/div>\n<div class=\"o-body__content\">\n<div class=\"o-body__item\">\n<div>\n<p>Die Bundesumweltministerin f\u00f6rdert Prozessinnovation in der Kunststoffaufbereitung. Die Kunststoff Recycling Gr\u00fcnstadt <abbr title=\"Gesellschaft mit beschr\u00e4nkter Haftung\">GmbH<\/abbr> aus Rheinland-Pfalz erh\u00e4lt f\u00fcr ihr Pilotprojekt rund vier Millionen Euro aus dem Umweltinnovationsprogramm.<\/p>\n<p>Die erstmalige Umsetzung eines innovativen Wasch und Sortierprozesses erm\u00f6glicht es, Verpackungsabf\u00e4lle aus dem gelben Sack oder der gelben Tonne sortenrein getrennt nach Farbe und Material aufzubereiten. Die hochwertig recycelten Kunststoffe k\u00f6nnen Neuware ersetzen und etwa zur Verpackung von Wasch- oder Reinigungsmitteln verwendet werden.<\/p>\n<p>J\u00e4hrlich sollen so rund 23.000 Tonnen hochwertige Rezyklate gewonnen werden. Der Materialverlust und Wasserverbrauch bei der Reinigung der Abf\u00e4lle kann durch das neue Verfahren ebenfalls deutlich vermindert werden. Insgesamt spart die Prozessinnovation pro Jahr bei der Aufbereitung von 35.0000 Tonnen Kunststoffabf\u00e4llen zudem bis zu 33.100 Tonnen an CO<sub>2<\/sub>-\u00c4quivalenten.<\/p>\n<p>Das Verfahren kann auch von anderen Unternehmen \u00fcbernommen werden, die sich mit der Aufbereitung von Kunststoffabf\u00e4llen befassen. Die Innovation tr\u00e4gt damit zur Kreislaufwirtschaft und Ressourcenschonung bei und er\u00f6ffnet im Bereich der Kunststoffverpackungen gro\u00dfe CO<sub>2 <\/sub>Minderungspotentiale.<\/p>\n<\/div>\n<\/div>\n<\/div>\n<\/div>\n<\/div>\n","protected":false},"excerpt":{"rendered":"<p>Die Kunststoff Recycling Gr\u00fcnstadt GmbH aus Rheinland-Pfalz erh\u00e4lt f\u00fcr ihr Pilotprojekt rund vier Millionen Euro aus dem&#8230;<\/p>\n","protected":false},"author":2,"featured_media":26975,"comment_status":"closed","ping_status":"closed","sticky":false,"template":"","format":"standard","meta":{"footnotes":""},"categories":[24,16],"tags":[],"series":[],"class_list":["post-26974","post","type-post","status-publish","format-standard","has-post-thumbnail","hentry","category-plas-tv-meldungen-auf-der-startseite-unterhalb-slider","category-plast-tv-textmeldungen"],"_links":{"self":[{"href":"https:\/\/plas.tv\/index.php?rest_route=\/wp\/v2\/posts\/26974","targetHints":{"allow":["GET"]}}],"collection":[{"href":"https:\/\/plas.tv\/index.php?rest_route=\/wp\/v2\/posts"}],"about":[{"href":"https:\/\/plas.tv\/index.php?rest_route=\/wp\/v2\/types\/post"}],"author":[{"embeddable":true,"href":"https:\/\/plas.tv\/index.php?rest_route=\/wp\/v2\/users\/2"}],"replies":[{"embeddable":true,"href":"https:\/\/plas.tv\/index.php?rest_route=%2Fwp%2Fv2%2Fcomments&post=26974"}],"version-history":[{"count":1,"href":"https:\/\/plas.tv\/index.php?rest_route=\/wp\/v2\/posts\/26974\/revisions"}],"predecessor-version":[{"id":26976,"href":"https:\/\/plas.tv\/index.php?rest_route=\/wp\/v2\/posts\/26974\/revisions\/26976"}],"wp:featuredmedia":[{"embeddable":true,"href":"https:\/\/plas.tv\/index.php?rest_route=\/wp\/v2\/media\/26975"}],"wp:attachment":[{"href":"https:\/\/plas.tv\/index.php?rest_route=%2Fwp%2Fv2%2Fmedia&parent=26974"}],"wp:term":[{"taxonomy":"category","embeddable":true,"href":"https:\/\/plas.tv\/index.php?rest_route=%2Fwp%2Fv2%2Fcategories&post=26974"},{"taxonomy":"post_tag","embeddable":true,"href":"https:\/\/plas.tv\/index.php?rest_route=%2Fwp%2Fv2%2Ftags&post=26974"},{"taxonomy":"series","embeddable":true,"href":"https:\/\/plas.tv\/index.php?rest_route=%2Fwp%2Fv2%2Fseries&post=26974"}],"curies":[{"name":"wp","href":"https:\/\/api.w.org\/{rel}","templated":true}]}}