{"id":27364,"date":"2021-08-20T12:15:57","date_gmt":"2021-08-20T10:15:57","guid":{"rendered":"https:\/\/php8.plastv.de\/?p=27364"},"modified":"2021-08-20T12:16:26","modified_gmt":"2021-08-20T10:16:26","slug":"adidas-verkauft-reebok-an-authentic-brands-group","status":"publish","type":"post","link":"https:\/\/plas.tv\/?p=27364","title":{"rendered":"adidas verkauft Reebok an Authentic Brands Group"},"content":{"rendered":"<p>adidas hat bekannt gegeben, dass das Unternehmen eine endg\u00fcltige Vereinbarung \u00fcber den Verkauf von Reebok an die Authentic Brands Group (ABG) f\u00fcr einen Kaufpreis von insgesamt bis zu 2,1 Mrd. \u20ac getroffen hat. Der Gro\u00dfteil des Kaufpreises wird bei Vollzug der Transaktion in bar gezahlt, der Rest setzt sich aus aufgeschobenen und bedingten Gegenleistungen zusammen. Der Abschluss der Transaktion unterliegt \u00fcblichen Vollzugsbedingungen und wird f\u00fcr das erste Quartal 2022 erwartet. adidas beabsichtigt, den Gro\u00dfteil des Barerl\u00f6ses, der bei Vollzug der Transaktion erzielt wird, an seine Aktion\u00e4re auszusch\u00fctten.<\/p>\n<p>\u201eWir haben Reebok immer gesch\u00e4tzt, und wir sind dankbar f\u00fcr die Beitr\u00e4ge, die die Marke und das dahinter stehende Team f\u00fcr unser Unternehmen geleistet haben. Wir sind davon \u00fcberzeugt, dass die Marke Reebok mit diesem Eigent\u00fcmerwechsel bestens f\u00fcr langfristigen Erfolg positioniert ist. Was adidas betrifft, so werden wir uns weiterhin auf die Umsetzung unserer &#8216;Own the Game&#8217; Strategie konzentrieren, die es uns erm\u00f6glicht, in einer attraktiven Branche zu wachsen, Marktanteile zu gewinnen und nachhaltigen Wert f\u00fcr alle unsere Stakeholder zu schaffen,&#8221; sagte Kasper Rorsted, Vorstandsvorsitzender von adidas.<\/p>\n<p>Jamie Salter, Gr\u00fcnder, Chairman und CEO von ABG, kommentierte: \u201eEs ist eine Ehre, mit der Fortf\u00fchrung des Erbes von Reebok betraut zu werden. Dies ist ein wichtiger Meilenstein f\u00fcr ABG, und wir sind entschlossen, die Integrit\u00e4t, den Innovationsgeist und die Werte von Reebok zu bewahren &#8211; einschlie\u00dflich der Pr\u00e4senz im station\u00e4ren Handel. Wir freuen uns auf eine enge Zusammenarbeit mit dem Reebok Team, um den Erfolg der Marke weiter auszubauen.&#8221;<\/p>\n<p>adidas kaufte Reebok im Jahr 2006. Damals umfasste die \u00dcbernahme auch die Marken Rockport, CCM Hockey und Greg Norman, die adidas sp\u00e4ter f\u00fcr einen Gesamtbetrag von 0,4 Mrd. \u20ac ver\u00e4u\u00dferte. Im Jahr 2016 leitete Reebok einen Turnaround-Plan namens \u201eMuscle Up&#8221; ein, durch den die Marke ihre Wachstums- und Rentabilit\u00e4tsaussichten deutlich verbessern konnte. Im M\u00e4rz dieses Jahres stellte adidas seine Strategie \u201eOwn the Game&#8221; f\u00fcr das Jahr 2025 vor, die darauf abzielt, Umsatz und Profitabilit\u00e4t deutlich zu steigern und bis 2025 Marktanteile zu gewinnen. W\u00e4hrend der Erarbeitung der Strategie hat adidas strategische Alternativen f\u00fcr Reebok gepr\u00fcft, um sicherzustellen, dass sowohl adidas als auch Reebok f\u00fcr nachhaltiges Wachstum gut positioniert sind. Im Anschluss an diese Bewertung beschloss adidas, seine Bem\u00fchungen auf die weitere St\u00e4rkung der f\u00fchrenden Position der Marke adidas im weltweiten Sportartikelmarkt zu konzentrieren und k\u00fcndigte die Einleitung eines formellen Verfahrens zur Ver\u00e4u\u00dferung von Reebok im Februar 2021 an.<\/p>\n<p>Der Verkauf von Reebok hat keine Auswirkungen auf den Finanzausblick von adidas f\u00fcr das laufende Jahr oder auf die im Rahmen der \u201eOwn the Game\u201c Strategie im M\u00e4rz 2021 angek\u00fcndigten Finanzziele f\u00fcr 2025.<\/p>\n<p>J.P. Morgan fungierte als exklusiver Finanzberater der adidas AG und Hengeler Mueller als Rechtsbeistand.<\/p>\n<p>F\u00fcr ABG fungierten BofA Securities und Goldman Sachs &amp; Co. LLC als Finanz-, Strategie- und M&amp;A-Berater und stellten gleichzeitig eine zugesagte Finanzierung bereit. KPMG International Limited fungierte als Berater f\u00fcr Rechnungslegung und Due-Diligence-Pr\u00fcfung f\u00fcr ABG. Latham &amp; Watkins, LLP fungierte als Rechtsberater f\u00fcr ABG. Die Private-Equity-Partner BlackRock LTPC, General Atlantic und Leonard Green &amp; Partners, L.P. spielten ebenfalls eine wichtige Rolle in dieser Partnerschaft.<\/p>\n","protected":false},"excerpt":{"rendered":"<p>adidas hat bekannt gegeben, dass das Unternehmen eine endg\u00fcltige Vereinbarung \u00fcber den Verkauf von Reebok an die Authentic Brands Group&#8230;<\/p>\n","protected":false},"author":2,"featured_media":27365,"comment_status":"closed","ping_status":"closed","sticky":false,"template":"","format":"standard","meta":{"footnotes":""},"categories":[24,16],"tags":[],"series":[],"class_list":["post-27364","post","type-post","status-publish","format-standard","has-post-thumbnail","hentry","category-plas-tv-meldungen-auf-der-startseite-unterhalb-slider","category-plast-tv-textmeldungen"],"_links":{"self":[{"href":"https:\/\/plas.tv\/index.php?rest_route=\/wp\/v2\/posts\/27364","targetHints":{"allow":["GET"]}}],"collection":[{"href":"https:\/\/plas.tv\/index.php?rest_route=\/wp\/v2\/posts"}],"about":[{"href":"https:\/\/plas.tv\/index.php?rest_route=\/wp\/v2\/types\/post"}],"author":[{"embeddable":true,"href":"https:\/\/plas.tv\/index.php?rest_route=\/wp\/v2\/users\/2"}],"replies":[{"embeddable":true,"href":"https:\/\/plas.tv\/index.php?rest_route=%2Fwp%2Fv2%2Fcomments&post=27364"}],"version-history":[{"count":2,"href":"https:\/\/plas.tv\/index.php?rest_route=\/wp\/v2\/posts\/27364\/revisions"}],"predecessor-version":[{"id":27367,"href":"https:\/\/plas.tv\/index.php?rest_route=\/wp\/v2\/posts\/27364\/revisions\/27367"}],"wp:featuredmedia":[{"embeddable":true,"href":"https:\/\/plas.tv\/index.php?rest_route=\/wp\/v2\/media\/27365"}],"wp:attachment":[{"href":"https:\/\/plas.tv\/index.php?rest_route=%2Fwp%2Fv2%2Fmedia&parent=27364"}],"wp:term":[{"taxonomy":"category","embeddable":true,"href":"https:\/\/plas.tv\/index.php?rest_route=%2Fwp%2Fv2%2Fcategories&post=27364"},{"taxonomy":"post_tag","embeddable":true,"href":"https:\/\/plas.tv\/index.php?rest_route=%2Fwp%2Fv2%2Ftags&post=27364"},{"taxonomy":"series","embeddable":true,"href":"https:\/\/plas.tv\/index.php?rest_route=%2Fwp%2Fv2%2Fseries&post=27364"}],"curies":[{"name":"wp","href":"https:\/\/api.w.org\/{rel}","templated":true}]}}