{"id":28469,"date":"2021-10-16T05:50:13","date_gmt":"2021-10-16T03:50:13","guid":{"rendered":"https:\/\/php8.plastv.de\/?p=28469"},"modified":"2021-10-16T05:50:13","modified_gmt":"2021-10-16T03:50:13","slug":"fakuma-i-das-tresen-gespraech-bei-arburg-i-tag-4","status":"publish","type":"post","link":"https:\/\/plas.tv\/?p=28469","title":{"rendered":"FAKUMA I Das Tresen-Gespr\u00e4ch bei Arburg I Tag 4"},"content":{"rendered":"<p><iframe loading=\"lazy\" title=\"FAKUMA I Das Tresen-Gespr&amp;auml;ch bei Arburg I Tag 4\" src=\"https:\/\/player.vimeo.com\/video\/633098306?h=6b4211f2ca&amp;dnt=1&amp;app_id=122963\" width=\"1104\" height=\"621\" frameborder=\"0\" allow=\"autoplay; fullscreen; picture-in-picture\" allowfullscreen><\/iframe><\/p>\n<p>&nbsp;<\/p>\n<p>Die Fakuma 2021 ist vorbei. Intensive Messetage liegen hinter uns. Bei einem letzten gemeinsamen Bier unterhalten sich Markus L\u00fcling und Guido Marschall auf dem Arburg-Stand \u00fcber die vorangegangenen Tage und ziehen ihr pers\u00f6nliches Fazit.<\/p>\n<p>The Fakuma 2021 is over. Intensive trade fair days are behind us. Over the last beer together, Markus L\u00fcling and Guido Marschall talk about the previous days at the Arburg stand and draw their personal conclusions.<\/p>\n","protected":false},"excerpt":{"rendered":"<p>&nbsp; Die Fakuma 2021 ist vorbei. Intensive Messetage liegen hinter uns. Bei einem letzten gemeinsamen Bier unterhalten sich Markus L\u00fcling und Guido Marschall auf dem Arburg-Stand \u00fcber die vorangegangenen Tage und ziehen ihr pers\u00f6nliches Fazit. The Fakuma 2021 is over. Intensive trade fair days are behind us. Over the last beer together, Markus L\u00fcling and [&hellip;]<\/p>\n","protected":false},"author":2,"featured_media":28488,"comment_status":"closed","ping_status":"closed","sticky":false,"template":"","format":"video","meta":{"footnotes":""},"categories":[25,15],"tags":[],"series":[],"class_list":["post-28469","post","type-post","status-publish","format-video","has-post-thumbnail","hentry","category-plas-tv-slidermeldungen-startseite","category-plas-tv-videomeldungen","post_format-post-format-video"],"_links":{"self":[{"href":"https:\/\/plas.tv\/index.php?rest_route=\/wp\/v2\/posts\/28469","targetHints":{"allow":["GET"]}}],"collection":[{"href":"https:\/\/plas.tv\/index.php?rest_route=\/wp\/v2\/posts"}],"about":[{"href":"https:\/\/plas.tv\/index.php?rest_route=\/wp\/v2\/types\/post"}],"author":[{"embeddable":true,"href":"https:\/\/plas.tv\/index.php?rest_route=\/wp\/v2\/users\/2"}],"replies":[{"embeddable":true,"href":"https:\/\/plas.tv\/index.php?rest_route=%2Fwp%2Fv2%2Fcomments&post=28469"}],"version-history":[{"count":3,"href":"https:\/\/plas.tv\/index.php?rest_route=\/wp\/v2\/posts\/28469\/revisions"}],"predecessor-version":[{"id":28491,"href":"https:\/\/plas.tv\/index.php?rest_route=\/wp\/v2\/posts\/28469\/revisions\/28491"}],"wp:featuredmedia":[{"embeddable":true,"href":"https:\/\/plas.tv\/index.php?rest_route=\/wp\/v2\/media\/28488"}],"wp:attachment":[{"href":"https:\/\/plas.tv\/index.php?rest_route=%2Fwp%2Fv2%2Fmedia&parent=28469"}],"wp:term":[{"taxonomy":"category","embeddable":true,"href":"https:\/\/plas.tv\/index.php?rest_route=%2Fwp%2Fv2%2Fcategories&post=28469"},{"taxonomy":"post_tag","embeddable":true,"href":"https:\/\/plas.tv\/index.php?rest_route=%2Fwp%2Fv2%2Ftags&post=28469"},{"taxonomy":"series","embeddable":true,"href":"https:\/\/plas.tv\/index.php?rest_route=%2Fwp%2Fv2%2Fseries&post=28469"}],"curies":[{"name":"wp","href":"https:\/\/api.w.org\/{rel}","templated":true}]}}