{"id":38650,"date":"2024-02-25T09:15:01","date_gmt":"2024-02-25T08:15:01","guid":{"rendered":"https:\/\/plas.tv\/?p=38650"},"modified":"2024-02-25T09:22:30","modified_gmt":"2024-02-25T08:22:30","slug":"plas-tv-news-02-2024","status":"publish","type":"post","link":"https:\/\/plas.tv\/?p=38650","title":{"rendered":"plas.TV News 02\/2024"},"content":{"rendered":"<p><iframe loading=\"lazy\" title=\"plas.TV News 02\/2024\" src=\"https:\/\/player.vimeo.com\/video\/915926221?dnt=1&amp;app_id=122963\" width=\"1104\" height=\"621\" frameborder=\"0\" allow=\"autoplay; fullscreen; picture-in-picture\"><\/iframe><\/p>\n<p>&nbsp;<\/p>\n<p>Die Meldungen im Februar f\u00fcr Sie: Maschinenexporteure sp\u00fcrten Gegenwind zum Jahresende. Kunststoffverpackungs-Industrie schwankt zwischen Rezession und Resilienz. Kritische Zeiten f\u00fcr Besch\u00e4ftigte im Maschinen- und Anlagenbau. Kunststoffverarbeitende Industrie fordert Wachstumsagenda f\u00fcr Deutschland. ARBURG veranstaltet Technologietage im M\u00e4rz.<\/p>\n","protected":false},"excerpt":{"rendered":"<p>&nbsp; Die Meldungen im Februar f\u00fcr Sie: Maschinenexporteure sp\u00fcrten Gegenwind zum Jahresende. Kunststoffverpackungs-Industrie schwankt zwischen Rezession und Resilienz. Kritische Zeiten f\u00fcr Besch\u00e4ftigte im Maschinen- und Anlagenbau. Kunststoffverarbeitende Industrie fordert Wachstumsagenda f\u00fcr Deutschland. ARBURG veranstaltet Technologietage im M\u00e4rz.<\/p>\n","protected":false},"author":2,"featured_media":38653,"comment_status":"closed","ping_status":"closed","sticky":false,"template":"","format":"video","meta":{"footnotes":""},"categories":[25,15],"tags":[],"series":[],"class_list":["post-38650","post","type-post","status-publish","format-video","has-post-thumbnail","hentry","category-plas-tv-slidermeldungen-startseite","category-plas-tv-videomeldungen","post_format-post-format-video"],"_links":{"self":[{"href":"https:\/\/plas.tv\/index.php?rest_route=\/wp\/v2\/posts\/38650","targetHints":{"allow":["GET"]}}],"collection":[{"href":"https:\/\/plas.tv\/index.php?rest_route=\/wp\/v2\/posts"}],"about":[{"href":"https:\/\/plas.tv\/index.php?rest_route=\/wp\/v2\/types\/post"}],"author":[{"embeddable":true,"href":"https:\/\/plas.tv\/index.php?rest_route=\/wp\/v2\/users\/2"}],"replies":[{"embeddable":true,"href":"https:\/\/plas.tv\/index.php?rest_route=%2Fwp%2Fv2%2Fcomments&post=38650"}],"version-history":[{"count":1,"href":"https:\/\/plas.tv\/index.php?rest_route=\/wp\/v2\/posts\/38650\/revisions"}],"predecessor-version":[{"id":38652,"href":"https:\/\/plas.tv\/index.php?rest_route=\/wp\/v2\/posts\/38650\/revisions\/38652"}],"wp:featuredmedia":[{"embeddable":true,"href":"https:\/\/plas.tv\/index.php?rest_route=\/wp\/v2\/media\/38653"}],"wp:attachment":[{"href":"https:\/\/plas.tv\/index.php?rest_route=%2Fwp%2Fv2%2Fmedia&parent=38650"}],"wp:term":[{"taxonomy":"category","embeddable":true,"href":"https:\/\/plas.tv\/index.php?rest_route=%2Fwp%2Fv2%2Fcategories&post=38650"},{"taxonomy":"post_tag","embeddable":true,"href":"https:\/\/plas.tv\/index.php?rest_route=%2Fwp%2Fv2%2Ftags&post=38650"},{"taxonomy":"series","embeddable":true,"href":"https:\/\/plas.tv\/index.php?rest_route=%2Fwp%2Fv2%2Fseries&post=38650"}],"curies":[{"name":"wp","href":"https:\/\/api.w.org\/{rel}","templated":true}]}}