{"id":39401,"date":"2024-06-24T08:08:59","date_gmt":"2024-06-24T06:08:59","guid":{"rendered":"https:\/\/plas.tv\/?p=39401"},"modified":"2024-06-23T09:14:00","modified_gmt":"2024-06-23T07:14:00","slug":"wechsel-in-geschaeftsfuehrung-bei-arburg","status":"publish","type":"post","link":"https:\/\/plas.tv\/?p=39401","title":{"rendered":"Wechsel in Gesch\u00e4ftsf\u00fchrung bei Arburg"},"content":{"rendered":"<p>Neuer Gesch\u00e4ftsf\u00fchrer an Bord<\/p>\n<p>\u2022 Tobias Baur \u00fcbernimmt ab September 2024 Gesch\u00e4ftsf\u00fchrungsbereich Vertrieb und After Sales<br \/>\n\u2022 Experte mit langj\u00e4hriger Vertriebserfahrung<br \/>\n\u2022 Familienunternehmen mit schlagkr\u00e4ftiger F\u00fchrungsspitze<\/p>\n<p>Zum 1. September 2024 \u00fcbernimmt Tobias Baur die Leitung des Gesch\u00e4ftsf\u00fchrungsbereichs Vertrieb und After Sales. Er tritt die Nachfolge von Gerhard B\u00f6hm an, der in den Ruhestand gehen wird.<\/p>\n<p>F\u00fcr seine Position als Gesch\u00e4ftsf\u00fchrer Vertrieb und After Sales bei Arburg bringt Tobias Baur beste Voraussetzungen mit. Er war lange Zeit f\u00fcr die Trumpf-Gruppe in Ditzingen t\u00e4tig, zuletzt als Director Global Sales and Marketing bei der Division Trumpf Werkzeugmaschinen SE + Co. KG. Zuvor leitete er unter anderem das Produktmanagement und den internationalen Vertrieb des Services-Gesch\u00e4fts. Von 2014 bis 2019 war er als General Manager mit dem Aufbau der Trumpf Division f\u00fcr Additive Manufacturing in Ditzingen und Schio\/Italien betraut.<\/p>\n<p>Die Arburg-Gesch\u00e4ftsf\u00fchrung<br \/>\nMit dem Eintritt des neuen Gesch\u00e4ftsf\u00fchrers besteht die F\u00fchrungsspitze von Arburg dann aus den gesch\u00e4ftsf\u00fchrenden Gesellschaftern Michael Hehl (Werksentwicklung und Sprecher der Gesch\u00e4ftsf\u00fchrung) und Juliane Hehl (Global Marketing und Business Development) sowie den Gesch\u00e4ftsf\u00fchrern Tobias Baur (Vertrieb, After Sales), Guido Frohnhaus (Technik) und Steffen Kroner (Finanzen, Controlling, IT, Personalmanagement).<\/p>\n","protected":false},"excerpt":{"rendered":"<p>Zum 1. September 2024 \u00fcbernimmt Tobias Baur die Leitung des Gesch\u00e4ftsf\u00fchrungsbereichs Vertrieb und After Sales&#8230;<\/p>\n","protected":false},"author":2,"featured_media":39402,"comment_status":"closed","ping_status":"closed","sticky":false,"template":"","format":"standard","meta":{"footnotes":""},"categories":[24,16],"tags":[],"series":[],"class_list":["post-39401","post","type-post","status-publish","format-standard","has-post-thumbnail","hentry","category-plas-tv-meldungen-auf-der-startseite-unterhalb-slider","category-plast-tv-textmeldungen"],"_links":{"self":[{"href":"https:\/\/plas.tv\/index.php?rest_route=\/wp\/v2\/posts\/39401","targetHints":{"allow":["GET"]}}],"collection":[{"href":"https:\/\/plas.tv\/index.php?rest_route=\/wp\/v2\/posts"}],"about":[{"href":"https:\/\/plas.tv\/index.php?rest_route=\/wp\/v2\/types\/post"}],"author":[{"embeddable":true,"href":"https:\/\/plas.tv\/index.php?rest_route=\/wp\/v2\/users\/2"}],"replies":[{"embeddable":true,"href":"https:\/\/plas.tv\/index.php?rest_route=%2Fwp%2Fv2%2Fcomments&post=39401"}],"version-history":[{"count":1,"href":"https:\/\/plas.tv\/index.php?rest_route=\/wp\/v2\/posts\/39401\/revisions"}],"predecessor-version":[{"id":39403,"href":"https:\/\/plas.tv\/index.php?rest_route=\/wp\/v2\/posts\/39401\/revisions\/39403"}],"wp:featuredmedia":[{"embeddable":true,"href":"https:\/\/plas.tv\/index.php?rest_route=\/wp\/v2\/media\/39402"}],"wp:attachment":[{"href":"https:\/\/plas.tv\/index.php?rest_route=%2Fwp%2Fv2%2Fmedia&parent=39401"}],"wp:term":[{"taxonomy":"category","embeddable":true,"href":"https:\/\/plas.tv\/index.php?rest_route=%2Fwp%2Fv2%2Fcategories&post=39401"},{"taxonomy":"post_tag","embeddable":true,"href":"https:\/\/plas.tv\/index.php?rest_route=%2Fwp%2Fv2%2Ftags&post=39401"},{"taxonomy":"series","embeddable":true,"href":"https:\/\/plas.tv\/index.php?rest_route=%2Fwp%2Fv2%2Fseries&post=39401"}],"curies":[{"name":"wp","href":"https:\/\/api.w.org\/{rel}","templated":true}]}}