{"id":41769,"date":"2025-07-29T07:04:33","date_gmt":"2025-07-29T05:04:33","guid":{"rendered":"https:\/\/plas.tv\/?p=41769"},"modified":"2025-07-17T14:07:01","modified_gmt":"2025-07-17T12:07:01","slug":"wohin-entwickeln-sich-die-maerkte-der-kunststoffverarbeitung","status":"publish","type":"post","link":"https:\/\/plas.tv\/?p=41769","title":{"rendered":"Wohin entwickeln sich die M\u00e4rkte der Kunststoffverarbeitung?"},"content":{"rendered":"<h2>Antworten darauf werden beim Branchentreff der Kunststoffverarbeiter am 18. September in Heilbronn gegeben<\/h2>\n<p>Die Jahrestagung Trends der Kunststoffverarbeitung thematisiert aktuelle Fragestellungen der Branche. Dieses Mal im Fokus: \u201eWohin entwickeln sich die M\u00e4rkte der Kunststoffverarbeitung \u2013 insbesondere im Bereich technischer Kunststoffprodukte?\u201c Die Veranstaltung bringt jedes Jahr rund 150 Entscheiderinnen und Entscheider aus der gesamten Branche zusammen: Von Herstellern technischer Kunststoffteile \u00fcber Verarbeiter \u2013 vom Spritzguss bis zum Recycling. Michael Weigelt, Gesch\u00e4ftsf\u00fchrer von TecPart, bringt es auf den Punkt: \u201eWir geben Einblicke in zentrale M\u00e4rkte \u2013 wertvolle Impulse f\u00fcr strategische Planung und Wettbewerbsf\u00e4higkeit. Ein Beispiel daf\u00fcr ist ein derzeit stark diskutiertes Segment: die Wehr- und Milit\u00e4rtechnik \u2013 ein emerging market , den wir dieses Jahr beleuchten. Dazu laden wir die Unternehmen der Branche \u00fcber die Verbandsgrenzen hinaus ein.\u201c<br \/>\nOhne technische Kunststoffprodukte kein modernes Leben, Arbeiten, Wirtschaften \u2013 sie stecken in nahezu jeder Schl\u00fcsseltechnologie: von der Medizintechnik \u00fcber die Mobilit\u00e4t bis zur Energiewende. Gerade in Zeiten globaler Umbr\u00fcche und sich wandelnder M\u00e4rkte ist es entscheidend f\u00fcr Unternehmen der Kunststoffbranche, Trends fr\u00fchzeitig zu erkennen und die eigene Position im Wettbewerb strategisch zu festigen. Die TecPart-Branchentagung bietet daf\u00fcr das notwendige Wissen und den direkten Austausch.<\/p>\n<p><strong>\u201eTrends der Kunststoffverarbeitung\u201c das Programm 2025<\/strong><\/p>\n<p>Key-notes zur Standortbestimmung \u2013 Wirtschaftliche Lage &amp; Unternehmensfitness Zum Auftakt der diesj\u00e4hrigen Konferenz ordnet Dr. Andreas Rees, Chef\u00f6konom der HVB, UniCredit Bank GmbH, die konjunkturelle Gro\u00dfwetterlage ein \u2013 mit besonderem Blick auf die Industrie. Direkt im Anschluss zeigt Sven Schmidtmann (Gesch\u00e4ftsf\u00fchrer, i-strategy), wie sich Unternehmen des Mittelstands strategisch aufstellen k\u00f6nnen, um Krisen zu meistern und resilient zu bleiben. Er stellt dabei ein Werkzeug zur unternehmensindividuellen Fitnessanalyse vor.<br \/>\nNeue M\u00e4rkte, neue Chancen Als n\u00e4chstes steht unternehmerischer Pioniergeist auf dem Programm: G\u00f6tz Witzel (WIMCOM GmbH) spricht \u00fcber Potenziale im Wachstumsfeld Milit\u00e4r- und Wehrtechnik \u2013 ein neuer und k\u00fcnftig wachsender Markt f\u00fcr Kunststoffverarbeiter. Gerd Liebig (Sumitomo (SHI) Demag) gibt anschlie\u00dfend einen globalen \u00dcberblick \u00fcber die Entwicklungen im (Spritzgie\u00df-) Maschinenmarkt, der als Indikator f\u00fcr weltweite Markttrends dient.<\/p>\n<p>Anforderungen verstehen \u2013 Regulatorik, Normung &amp; Innovation Wie wirkt sich aktuelle und zuk\u00fcnftige Regulierung auf die Branche aus \u2013 und wie kann man sie mitgestalten? Zu Beginn des Nachmittagsprogramms beleuchtet Marion Lange (Deutsches Institut f\u00fcr Normung, DIN) die neue Europ\u00e4ische Normungsverordnung im Spannungsfeld zwischen verpflichtender Wirkung, strategischer Gestaltung und Mitwirkungsm\u00f6glichkeiten. Prof. Dr. Frank Henning (Fraunhofer ICT) f\u00fchrt anschlie\u00dfend durch eine Analyse der Herausforderungen und Chancen f\u00fcr den Automobilmarkt vor dem Hintergrund der neuen Vorgaben der europ\u00e4ischen Altfahrzeugverordnung (ELV-R).<\/p>\n<p>Zirkularit\u00e4t umsetzen \u2013 ELV-R, Rezyklate &amp; Industrieperspektiven Design, Rohstoffe, Preisprognose \u2013 die vierte Session widmet sich Schl\u00fcsselaspekten der Zirkularit\u00e4t im Automobilmarkt: Thomas Drescher (Volkswagen AG) gibt Einblicke in Strategien f\u00fcr zirkul\u00e4res Design und den verst\u00e4rkten Einsatz von Kunststoffrezyklaten. Stefan Minge (PreZero) teilt eine Zukunftsperspektive auf den Post-Consumer-Abfallstrom. Und Klaus Kirr (Porsche Consulting) stellt eine neue Umfrage zur Preisentwicklung von Post-Consumer-Rezyklaten vor.<br \/>\nDie neue Umfrage, die zusammen mit TecPart und der Kunststoff-Information durchgef\u00fchrt wird, ist eine wichtige Grundlage f\u00fcr strategische Planungen in der Kunststoffverarbeitung. Mitglieder k\u00f6nnen das Thema Bauteiloptimierung mit Rezyklaten beim \u201eDeep Dive\u201c am Folgetag anl\u00e4sslich der TecPart-Mitgliederversammlung vertiefen.<\/p>\n","protected":false},"excerpt":{"rendered":"<p>Die Jahrestagung Trends der Kunststoffverarbeitung thematisiert aktuelle Fragestellungen der Branche. Dieses Mal im Fokus&#8230;<\/p>\n","protected":false},"author":2,"featured_media":13964,"comment_status":"closed","ping_status":"closed","sticky":false,"template":"","format":"standard","meta":{"footnotes":""},"categories":[24,16],"tags":[],"series":[],"class_list":["post-41769","post","type-post","status-publish","format-standard","has-post-thumbnail","hentry","category-plas-tv-meldungen-auf-der-startseite-unterhalb-slider","category-plast-tv-textmeldungen"],"_links":{"self":[{"href":"https:\/\/plas.tv\/index.php?rest_route=\/wp\/v2\/posts\/41769","targetHints":{"allow":["GET"]}}],"collection":[{"href":"https:\/\/plas.tv\/index.php?rest_route=\/wp\/v2\/posts"}],"about":[{"href":"https:\/\/plas.tv\/index.php?rest_route=\/wp\/v2\/types\/post"}],"author":[{"embeddable":true,"href":"https:\/\/plas.tv\/index.php?rest_route=\/wp\/v2\/users\/2"}],"replies":[{"embeddable":true,"href":"https:\/\/plas.tv\/index.php?rest_route=%2Fwp%2Fv2%2Fcomments&post=41769"}],"version-history":[{"count":1,"href":"https:\/\/plas.tv\/index.php?rest_route=\/wp\/v2\/posts\/41769\/revisions"}],"predecessor-version":[{"id":41770,"href":"https:\/\/plas.tv\/index.php?rest_route=\/wp\/v2\/posts\/41769\/revisions\/41770"}],"wp:featuredmedia":[{"embeddable":true,"href":"https:\/\/plas.tv\/index.php?rest_route=\/wp\/v2\/media\/13964"}],"wp:attachment":[{"href":"https:\/\/plas.tv\/index.php?rest_route=%2Fwp%2Fv2%2Fmedia&parent=41769"}],"wp:term":[{"taxonomy":"category","embeddable":true,"href":"https:\/\/plas.tv\/index.php?rest_route=%2Fwp%2Fv2%2Fcategories&post=41769"},{"taxonomy":"post_tag","embeddable":true,"href":"https:\/\/plas.tv\/index.php?rest_route=%2Fwp%2Fv2%2Ftags&post=41769"},{"taxonomy":"series","embeddable":true,"href":"https:\/\/plas.tv\/index.php?rest_route=%2Fwp%2Fv2%2Fseries&post=41769"}],"curies":[{"name":"wp","href":"https:\/\/api.w.org\/{rel}","templated":true}]}}