{"id":41802,"date":"2025-08-05T07:21:57","date_gmt":"2025-08-05T05:21:57","guid":{"rendered":"https:\/\/plas.tv\/?p=41802"},"modified":"2025-07-28T07:23:31","modified_gmt":"2025-07-28T05:23:31","slug":"nabaltec-ag-passt-umsatzprognose-fuer-das-geschaeftsjahr-2025-an-und-bestaetigt-ergebnisprognose","status":"publish","type":"post","link":"https:\/\/plas.tv\/?p=41802","title":{"rendered":"Nabaltec AG passt Umsatzprognose f\u00fcr das Gesch\u00e4ftsjahr 2025 an und best\u00e4tigt Ergebnisprognose"},"content":{"rendered":"<p>Die Nabaltec AG hat die Umsatzprognose f\u00fcr das laufende Gesch\u00e4ftsjahr 2025 angepasst. Auf Basis der vorl\u00e4ufigen Zahlen des ersten Halbjahres 2025 mit einem Konzernumsatz in H\u00f6he von 106,5 Mio. Euro nach 108,4 Mio. Euro im Vorjahreszeitraum (-1,7 %), erwartet die Nabaltec AG einen Umsatzr\u00fcckgang f\u00fcr das Gesamtjahr 2025 von bis zu 2 % gegen\u00fcber dem Vorjahr. Der Gesamtumsatz des Vorjahres hatte bei 203,6 Mio. Euro gelegen.<br \/>\nNabaltec war in der urspr\u00fcnglichen Prognose noch von einem Umsatzanstieg gegen\u00fcber dem Vorjahr in der Bandbreite von 3 % bis 5 % ausgegangen. W\u00e4hrungseffekte und erh\u00f6hte<br \/>\nMarktunsicherheiten aufgrund der US-Zollpolitik wirken sich negativ auf den Umsatz des Unternehmens aus. Dar\u00fcber hinaus belastet die anhaltend schwache Nachfrage nach<br \/>\nProdukten f\u00fcr die Feuerfestindustrie und E-Mobilit\u00e4t die Umsatzentwicklung der Nabaltec AG im Jahr 2025.<br \/>\nBeim operativen Ergebnis h\u00e4lt das Unternehmen an der bisherigen Prognose fest und rechnet f\u00fcr das laufende Gesch\u00e4ftsjahr auch weiterhin mit einer EBIT-Marge in einer<br \/>\nBandbreite von 7 % bis 9 % nach 10,8 % im Gesch\u00e4ftsjahr 2024. Das vorl\u00e4ufige EBIT f\u00fcr die ersten sechs Monate 2025 lag bei 8,9 Mio. Euro nach 10,9 Mio. Euro im entsprechenden<br \/>\nVorjahreszeitraum. Die EBIT-Marge (in Relation zur Gesamtleistung) betrug nach vorl\u00e4ufigen Zahlen in den ersten sechs Monaten 2025 8,4 % nach 9,9 % im Vorjahreszeitraum.<\/p>\n","protected":false},"excerpt":{"rendered":"<p>Die Nabaltec AG hat die Umsatzprognose f\u00fcr das laufende Gesch\u00e4ftsjahr 2025 angepasst. Auf Basis der vorl\u00e4ufigen Zahlen<\/p>\n","protected":false},"author":2,"featured_media":8648,"comment_status":"closed","ping_status":"closed","sticky":false,"template":"","format":"standard","meta":{"footnotes":""},"categories":[24,16],"tags":[],"series":[],"class_list":["post-41802","post","type-post","status-publish","format-standard","has-post-thumbnail","hentry","category-plas-tv-meldungen-auf-der-startseite-unterhalb-slider","category-plast-tv-textmeldungen"],"_links":{"self":[{"href":"https:\/\/plas.tv\/index.php?rest_route=\/wp\/v2\/posts\/41802","targetHints":{"allow":["GET"]}}],"collection":[{"href":"https:\/\/plas.tv\/index.php?rest_route=\/wp\/v2\/posts"}],"about":[{"href":"https:\/\/plas.tv\/index.php?rest_route=\/wp\/v2\/types\/post"}],"author":[{"embeddable":true,"href":"https:\/\/plas.tv\/index.php?rest_route=\/wp\/v2\/users\/2"}],"replies":[{"embeddable":true,"href":"https:\/\/plas.tv\/index.php?rest_route=%2Fwp%2Fv2%2Fcomments&post=41802"}],"version-history":[{"count":1,"href":"https:\/\/plas.tv\/index.php?rest_route=\/wp\/v2\/posts\/41802\/revisions"}],"predecessor-version":[{"id":41803,"href":"https:\/\/plas.tv\/index.php?rest_route=\/wp\/v2\/posts\/41802\/revisions\/41803"}],"wp:featuredmedia":[{"embeddable":true,"href":"https:\/\/plas.tv\/index.php?rest_route=\/wp\/v2\/media\/8648"}],"wp:attachment":[{"href":"https:\/\/plas.tv\/index.php?rest_route=%2Fwp%2Fv2%2Fmedia&parent=41802"}],"wp:term":[{"taxonomy":"category","embeddable":true,"href":"https:\/\/plas.tv\/index.php?rest_route=%2Fwp%2Fv2%2Fcategories&post=41802"},{"taxonomy":"post_tag","embeddable":true,"href":"https:\/\/plas.tv\/index.php?rest_route=%2Fwp%2Fv2%2Ftags&post=41802"},{"taxonomy":"series","embeddable":true,"href":"https:\/\/plas.tv\/index.php?rest_route=%2Fwp%2Fv2%2Fseries&post=41802"}],"curies":[{"name":"wp","href":"https:\/\/api.w.org\/{rel}","templated":true}]}}