{"id":42232,"date":"2025-10-10T09:18:22","date_gmt":"2025-10-10T07:18:22","guid":{"rendered":"https:\/\/plas.tv\/?p=42232"},"modified":"2025-10-10T09:21:07","modified_gmt":"2025-10-10T07:21:07","slug":"tresentalk-k-messe-tag-1-08-10-25","status":"publish","type":"post","link":"https:\/\/plas.tv\/?p=42232","title":{"rendered":"Tresentalk K-Messe Tag 1 | 08.10.25"},"content":{"rendered":"<p><iframe loading=\"lazy\" title=\"Tresentalk K-Messe Tag 1 | 08.10.25\" src=\"https:\/\/player.vimeo.com\/video\/1125801472?dnt=1&amp;app_id=122963\" width=\"1104\" height=\"621\" frameborder=\"0\" allow=\"autoplay; fullscreen; picture-in-picture; clipboard-write; encrypted-media; web-share\" referrerpolicy=\"strict-origin-when-cross-origin\"><\/iframe><\/p>\n<p>Eine neue Runde am Tresen bei Arburg auf der K 2025 ist eingel\u00e4utet! Wieder mit dabei ist unser liebster Gast, Markus L\u00fcling, Chefredakteur der K-Profi. Markus gibt uns auch dieses Mal spannende Einblicke in die Branche und fasst die H\u00f6hepunkte des Tages gekonnt zusammen.<\/p>\n","protected":false},"excerpt":{"rendered":"<p>Eine neue Runde am Tresen bei Arburg auf der K 2025 ist eingel\u00e4utet! Wieder mit dabei ist unser liebster Gast, Markus L\u00fcling, Chefredakteur der K-Profi. Markus gibt uns auch dieses Mal spannende Einblicke in die Branche und fasst die H\u00f6hepunkte des Tages gekonnt zusammen.<\/p>\n","protected":false},"author":2,"featured_media":42233,"comment_status":"closed","ping_status":"closed","sticky":false,"template":"","format":"video","meta":{"footnotes":""},"categories":[76,25,15],"tags":[],"series":[],"class_list":["post-42232","post","type-post","status-publish","format-video","has-post-thumbnail","hentry","category-k-2025","category-plas-tv-slidermeldungen-startseite","category-plas-tv-videomeldungen","post_format-post-format-video"],"_links":{"self":[{"href":"https:\/\/plas.tv\/index.php?rest_route=\/wp\/v2\/posts\/42232","targetHints":{"allow":["GET"]}}],"collection":[{"href":"https:\/\/plas.tv\/index.php?rest_route=\/wp\/v2\/posts"}],"about":[{"href":"https:\/\/plas.tv\/index.php?rest_route=\/wp\/v2\/types\/post"}],"author":[{"embeddable":true,"href":"https:\/\/plas.tv\/index.php?rest_route=\/wp\/v2\/users\/2"}],"replies":[{"embeddable":true,"href":"https:\/\/plas.tv\/index.php?rest_route=%2Fwp%2Fv2%2Fcomments&post=42232"}],"version-history":[{"count":2,"href":"https:\/\/plas.tv\/index.php?rest_route=\/wp\/v2\/posts\/42232\/revisions"}],"predecessor-version":[{"id":42236,"href":"https:\/\/plas.tv\/index.php?rest_route=\/wp\/v2\/posts\/42232\/revisions\/42236"}],"wp:featuredmedia":[{"embeddable":true,"href":"https:\/\/plas.tv\/index.php?rest_route=\/wp\/v2\/media\/42233"}],"wp:attachment":[{"href":"https:\/\/plas.tv\/index.php?rest_route=%2Fwp%2Fv2%2Fmedia&parent=42232"}],"wp:term":[{"taxonomy":"category","embeddable":true,"href":"https:\/\/plas.tv\/index.php?rest_route=%2Fwp%2Fv2%2Fcategories&post=42232"},{"taxonomy":"post_tag","embeddable":true,"href":"https:\/\/plas.tv\/index.php?rest_route=%2Fwp%2Fv2%2Ftags&post=42232"},{"taxonomy":"series","embeddable":true,"href":"https:\/\/plas.tv\/index.php?rest_route=%2Fwp%2Fv2%2Fseries&post=42232"}],"curies":[{"name":"wp","href":"https:\/\/api.w.org\/{rel}","templated":true}]}}