{"id":42237,"date":"2025-10-10T09:27:53","date_gmt":"2025-10-10T07:27:53","guid":{"rendered":"https:\/\/plas.tv\/?p=42237"},"modified":"2025-10-10T09:27:53","modified_gmt":"2025-10-10T07:27:53","slug":"tresentalk-k-messe-tag-2-09-10-25","status":"publish","type":"post","link":"https:\/\/plas.tv\/?p=42237","title":{"rendered":"Tresentalk K-Messe Tag 2 | 09.10.25"},"content":{"rendered":"<p><iframe loading=\"lazy\" title=\"Tresentalk K-Messe Tag 2 | 09.10.25\" src=\"https:\/\/player.vimeo.com\/video\/1126094497?dnt=1&amp;app_id=122963\" width=\"1104\" height=\"621\" frameborder=\"0\" allow=\"autoplay; fullscreen; picture-in-picture; clipboard-write; encrypted-media; web-share\" referrerpolicy=\"strict-origin-when-cross-origin\"><\/iframe><\/p>\n<p>Tag zwei der K 2025 in D\u00fcsseldorf. Die Messehallen sind stark gef\u00fcllt, die Biergl\u00e4ser unserer beider Tresen-Talker ebenfalls. Besser kann ein Messetag gar nicht verlaufen! Markus L\u00fcling, Chefredakteur der K-Profi zeigt sich ganz hin und weg von der regen Teilnahme der Besucher am reichhaltigen Programm der Kunststoffmesse.<\/p>\n","protected":false},"excerpt":{"rendered":"<p>Tag zwei der K 2025 in D\u00fcsseldorf. Die Messehallen sind stark gef\u00fcllt, die Biergl\u00e4ser unserer beider Tresen-Talker ebenfalls. Besser kann ein Messetag gar nicht verlaufen! Markus L\u00fcling, Chefredakteur der K-Profi zeigt sich ganz hin und weg von der regen Teilnahme der Besucher am reichhaltigen Programm der Kunststoffmesse.<\/p>\n","protected":false},"author":2,"featured_media":42238,"comment_status":"closed","ping_status":"closed","sticky":false,"template":"","format":"video","meta":{"footnotes":""},"categories":[76,25,15],"tags":[],"series":[],"class_list":["post-42237","post","type-post","status-publish","format-video","has-post-thumbnail","hentry","category-k-2025","category-plas-tv-slidermeldungen-startseite","category-plas-tv-videomeldungen","post_format-post-format-video"],"_links":{"self":[{"href":"https:\/\/plas.tv\/index.php?rest_route=\/wp\/v2\/posts\/42237","targetHints":{"allow":["GET"]}}],"collection":[{"href":"https:\/\/plas.tv\/index.php?rest_route=\/wp\/v2\/posts"}],"about":[{"href":"https:\/\/plas.tv\/index.php?rest_route=\/wp\/v2\/types\/post"}],"author":[{"embeddable":true,"href":"https:\/\/plas.tv\/index.php?rest_route=\/wp\/v2\/users\/2"}],"replies":[{"embeddable":true,"href":"https:\/\/plas.tv\/index.php?rest_route=%2Fwp%2Fv2%2Fcomments&post=42237"}],"version-history":[{"count":1,"href":"https:\/\/plas.tv\/index.php?rest_route=\/wp\/v2\/posts\/42237\/revisions"}],"predecessor-version":[{"id":42240,"href":"https:\/\/plas.tv\/index.php?rest_route=\/wp\/v2\/posts\/42237\/revisions\/42240"}],"wp:featuredmedia":[{"embeddable":true,"href":"https:\/\/plas.tv\/index.php?rest_route=\/wp\/v2\/media\/42238"}],"wp:attachment":[{"href":"https:\/\/plas.tv\/index.php?rest_route=%2Fwp%2Fv2%2Fmedia&parent=42237"}],"wp:term":[{"taxonomy":"category","embeddable":true,"href":"https:\/\/plas.tv\/index.php?rest_route=%2Fwp%2Fv2%2Fcategories&post=42237"},{"taxonomy":"post_tag","embeddable":true,"href":"https:\/\/plas.tv\/index.php?rest_route=%2Fwp%2Fv2%2Ftags&post=42237"},{"taxonomy":"series","embeddable":true,"href":"https:\/\/plas.tv\/index.php?rest_route=%2Fwp%2Fv2%2Fseries&post=42237"}],"curies":[{"name":"wp","href":"https:\/\/api.w.org\/{rel}","templated":true}]}}