{"id":42297,"date":"2025-10-11T08:44:14","date_gmt":"2025-10-11T06:44:14","guid":{"rendered":"https:\/\/plas.tv\/?p=42297"},"modified":"2025-10-11T08:45:37","modified_gmt":"2025-10-11T06:45:37","slug":"tresentalk-k-messe-tag-3-10-10-25","status":"publish","type":"post","link":"https:\/\/plas.tv\/?p=42297","title":{"rendered":"Tresentalk K-Messe Tag 3 | 10.10.25"},"content":{"rendered":"<p><iframe loading=\"lazy\" title=\"Tresentalk K-Messe Tag 3 | 10.10.25\" src=\"https:\/\/player.vimeo.com\/video\/1126332745?dnt=1&amp;app_id=122963\" width=\"1104\" height=\"621\" frameborder=\"0\" allow=\"autoplay; fullscreen; picture-in-picture; clipboard-write; encrypted-media; web-share\" referrerpolicy=\"strict-origin-when-cross-origin\"><\/iframe><\/p>\n<p>Wiesn-Grippe ist out, echte Profis holen sich ihre Erk\u00e4ltung auf der K 2025! Markus L\u00fcling, Chefredakteur der K -Profi, ist damit gerade voll im Trend. Doch trotz Erk\u00e4ltung fasst er Tag 3 der Messe nochmal gekonnt zusammen. Zuvor schaut er aber mit Moderator Guido Marschall erstmal \u00fcber den gro\u00dfen Teich in die USA.<\/p>\n","protected":false},"excerpt":{"rendered":"<p>Wiesn-Grippe ist out, echte Profis holen sich ihre Erk\u00e4ltung auf der K 2025! Markus L\u00fcling, Chefredakteur der K -Profi, ist damit gerade voll im Trend. Doch trotz Erk\u00e4ltung fasst er Tag 3 der Messe nochmal gekonnt zusammen. Zuvor schaut er aber mit Moderator Guido Marschall erstmal \u00fcber den gro\u00dfen Teich in die USA.<\/p>\n","protected":false},"author":2,"featured_media":42298,"comment_status":"closed","ping_status":"closed","sticky":false,"template":"","format":"video","meta":{"footnotes":""},"categories":[76,25,15],"tags":[],"series":[],"class_list":["post-42297","post","type-post","status-publish","format-video","has-post-thumbnail","hentry","category-k-2025","category-plas-tv-slidermeldungen-startseite","category-plas-tv-videomeldungen","post_format-post-format-video"],"_links":{"self":[{"href":"https:\/\/plas.tv\/index.php?rest_route=\/wp\/v2\/posts\/42297","targetHints":{"allow":["GET"]}}],"collection":[{"href":"https:\/\/plas.tv\/index.php?rest_route=\/wp\/v2\/posts"}],"about":[{"href":"https:\/\/plas.tv\/index.php?rest_route=\/wp\/v2\/types\/post"}],"author":[{"embeddable":true,"href":"https:\/\/plas.tv\/index.php?rest_route=\/wp\/v2\/users\/2"}],"replies":[{"embeddable":true,"href":"https:\/\/plas.tv\/index.php?rest_route=%2Fwp%2Fv2%2Fcomments&post=42297"}],"version-history":[{"count":2,"href":"https:\/\/plas.tv\/index.php?rest_route=\/wp\/v2\/posts\/42297\/revisions"}],"predecessor-version":[{"id":42301,"href":"https:\/\/plas.tv\/index.php?rest_route=\/wp\/v2\/posts\/42297\/revisions\/42301"}],"wp:featuredmedia":[{"embeddable":true,"href":"https:\/\/plas.tv\/index.php?rest_route=\/wp\/v2\/media\/42298"}],"wp:attachment":[{"href":"https:\/\/plas.tv\/index.php?rest_route=%2Fwp%2Fv2%2Fmedia&parent=42297"}],"wp:term":[{"taxonomy":"category","embeddable":true,"href":"https:\/\/plas.tv\/index.php?rest_route=%2Fwp%2Fv2%2Fcategories&post=42297"},{"taxonomy":"post_tag","embeddable":true,"href":"https:\/\/plas.tv\/index.php?rest_route=%2Fwp%2Fv2%2Ftags&post=42297"},{"taxonomy":"series","embeddable":true,"href":"https:\/\/plas.tv\/index.php?rest_route=%2Fwp%2Fv2%2Fseries&post=42297"}],"curies":[{"name":"wp","href":"https:\/\/api.w.org\/{rel}","templated":true}]}}