{"id":42324,"date":"2025-10-12T07:26:53","date_gmt":"2025-10-12T05:26:53","guid":{"rendered":"https:\/\/plas.tv\/?p=42324"},"modified":"2025-10-12T07:26:53","modified_gmt":"2025-10-12T05:26:53","slug":"tresentalk-k-messe-tag-4-11-10-25","status":"publish","type":"post","link":"https:\/\/plas.tv\/?p=42324","title":{"rendered":"Tresentalk K-Messe Tag 4 | 11.10.25"},"content":{"rendered":"<p><iframe loading=\"lazy\" title=\"Tresentalk K-Messe Tag 4 | 11.10.25\" src=\"https:\/\/player.vimeo.com\/video\/1126490223?dnt=1&amp;app_id=122963\" width=\"1104\" height=\"621\" frameborder=\"0\" allow=\"autoplay; fullscreen; picture-in-picture; clipboard-write; encrypted-media; web-share\" referrerpolicy=\"strict-origin-when-cross-origin\"><\/iframe><\/p>\n<p>Halbzeit! Die H\u00e4lfte der K 2025 ist vorbei. Markus L\u00fcling zieht eine erste Bilanz und die f\u00e4llt durchaus positiv aus. Mit Moderator Guido Marschall spricht er \u00fcber J\u00e4ger und Sammler auf der Messe und junge Menschen auf dem Weg in Ihre berufliche Zukunft in der Kunststoffindustrie.<\/p>\n","protected":false},"excerpt":{"rendered":"<p>Halbzeit! Die H\u00e4lfte der K 2025 ist vorbei. Markus L\u00fcling zieht eine erste Bilanz und die f\u00e4llt durchaus positiv aus. Mit Moderator Guido Marschall spricht er \u00fcber J\u00e4ger und Sammler auf der Messe und junge Menschen auf dem Weg in Ihre berufliche Zukunft in der Kunststoffindustrie.<\/p>\n","protected":false},"author":2,"featured_media":42325,"comment_status":"closed","ping_status":"closed","sticky":false,"template":"","format":"video","meta":{"footnotes":""},"categories":[76,25,15],"tags":[],"series":[],"class_list":["post-42324","post","type-post","status-publish","format-video","has-post-thumbnail","hentry","category-k-2025","category-plas-tv-slidermeldungen-startseite","category-plas-tv-videomeldungen","post_format-post-format-video"],"_links":{"self":[{"href":"https:\/\/plas.tv\/index.php?rest_route=\/wp\/v2\/posts\/42324","targetHints":{"allow":["GET"]}}],"collection":[{"href":"https:\/\/plas.tv\/index.php?rest_route=\/wp\/v2\/posts"}],"about":[{"href":"https:\/\/plas.tv\/index.php?rest_route=\/wp\/v2\/types\/post"}],"author":[{"embeddable":true,"href":"https:\/\/plas.tv\/index.php?rest_route=\/wp\/v2\/users\/2"}],"replies":[{"embeddable":true,"href":"https:\/\/plas.tv\/index.php?rest_route=%2Fwp%2Fv2%2Fcomments&post=42324"}],"version-history":[{"count":1,"href":"https:\/\/plas.tv\/index.php?rest_route=\/wp\/v2\/posts\/42324\/revisions"}],"predecessor-version":[{"id":42327,"href":"https:\/\/plas.tv\/index.php?rest_route=\/wp\/v2\/posts\/42324\/revisions\/42327"}],"wp:featuredmedia":[{"embeddable":true,"href":"https:\/\/plas.tv\/index.php?rest_route=\/wp\/v2\/media\/42325"}],"wp:attachment":[{"href":"https:\/\/plas.tv\/index.php?rest_route=%2Fwp%2Fv2%2Fmedia&parent=42324"}],"wp:term":[{"taxonomy":"category","embeddable":true,"href":"https:\/\/plas.tv\/index.php?rest_route=%2Fwp%2Fv2%2Fcategories&post=42324"},{"taxonomy":"post_tag","embeddable":true,"href":"https:\/\/plas.tv\/index.php?rest_route=%2Fwp%2Fv2%2Ftags&post=42324"},{"taxonomy":"series","embeddable":true,"href":"https:\/\/plas.tv\/index.php?rest_route=%2Fwp%2Fv2%2Fseries&post=42324"}],"curies":[{"name":"wp","href":"https:\/\/api.w.org\/{rel}","templated":true}]}}