{"id":42429,"date":"2025-10-31T07:00:44","date_gmt":"2025-10-31T06:00:44","guid":{"rendered":"https:\/\/plas.tv\/?p=42429"},"modified":"2025-10-26T10:05:24","modified_gmt":"2025-10-26T09:05:24","slug":"tesa-beginnt-werkserweiterung-in-offenburg","status":"publish","type":"post","link":"https:\/\/plas.tv\/?p=42429","title":{"rendered":"tesa beginnt Werkserweiterung in Offenburg"},"content":{"rendered":"<section id=\"toc-12323163\" class=\"paragraph-2022 data-autolink marg-t--component\" data-autolink=\"\">\n<div class=\"grid-row container paragraph-2022--alignment-top paragraph-2022--headline-level-h2\">\n<div class=\"col-12 col-md-centered-10\">\n<div class=\"paragraph-2022__image-text\">\n<div class=\"paragraph-2022__copy richtext copy\">\n<ul>\n<li>Neues Produktionsgeb\u00e4ude: Werkserweiterung zur Anpassung der Produktionskapazit\u00e4ten f\u00fcr Industrie- und Endverbraucherprodukte<\/li>\n<li>Wirtschaftsfaktor: Schaffung zukunftsf\u00e4higer Arbeitspl\u00e4tze und attraktiver Perspektiven f\u00fcr Fachkr\u00e4fte in der Region<\/li>\n<li>Nachhaltigkeit: Produktionsinfrastruktur als Teil der globalen &#8220;we do&#8221; Nachhaltigkeitsstrategie<\/li>\n<\/ul>\n<p><strong>Norderstedt\/Offenburg<\/strong> \u2013 <span class=\"lowercase hyphens-manual\">tesa<\/span>, internationaler Hersteller innovativer Klebeb\u00e4nder und selbstklebender Produktl\u00f6sungen, setzt mit dem offiziellen Baustart der Werkserweiterung in Offenburg ein deutliches Zeichen f\u00fcr sein langfristiges Engagement am Wirtschaftsstandort Deutschland. Die Investition in den Standort unterstreicht nicht nur das Bekenntnis zur Region Offenburg, sondern sichert und schafft auch zukunftsf\u00e4hige Arbeitspl\u00e4tze.<\/p>\n<p><strong>Investition in die Zukunft der Region<\/strong><\/p>\n<p>Die geplante Werkserweiterung markiert einen wichtigen Meilenstein f\u00fcr die Zukunftssicherung des <span class=\"lowercase hyphens-manual\">tesa<\/span> Werks Offenburg, Heimat des bekannten <span class=\"lowercase hyphens-manual\">tesafilm<\/span>s. Seit seiner Er\u00f6ffnung 1961 hat sich der Standort zum volumenst\u00e4rksten Produktionsstandort der <span class=\"lowercase hyphens-manual\">tesa<\/span> SE weltweit entwickelt. Mit einer Jahresproduktion von etwa 200 Millionen Quadratmetern Klebeb\u00e4ndern werden hier \u00fcber 2.000 Klebeprodukte und Systeml\u00f6sungen hergestellt, wovon 70% in strategisch wichtigen Wachstumsm\u00e4rkten wie der Automobil- und Elektroindustrie Anwendung finden. Die Werkserweiterung ist eine Reaktion auf die steigende Nachfrage nach <span class=\"lowercase hyphens-manual\">tesa<\/span>-Produkten f\u00fcr industrielle Anwendungen, wobei der Produktionsstart f\u00fcr 2027 geplant ist.<\/p>\n<p>&#8220;Mit diesem Projekt st\u00e4rken wir nicht nur unsere Produktionskapazit\u00e4ten, sondern setzen auch ein wichtiges Zeichen f\u00fcr unsere Nachhaltigkeitsziele&#8221;, erkl\u00e4rt Holger Rauth, Werksleiter in Offenburg. &#8220;Bereits Anfang dieses Jahres haben wir eine leistungsstarke Photovoltaikanlage in Betrieb genommen. Die mehr als 13.000 PV-Module erzeugen j\u00e4hrlich sechs Gigawattstunden Strom und decken damit rund 25 Prozent des Energiebedarfs unseres Werks \u2013 ein bedeutender Schritt f\u00fcr unsere rund 500 Mitarbeitenden und die Zukunft des Standorts.&#8221;<\/p>\n<p><strong>Teil einer globalen Nachhaltigkeitsstrategie<\/strong><\/p>\n<p>Die Investitionen in Offenburg sind ein wichtiger Meilenstein in der konzernweiten Nachhaltigkeitsstrategie &#8220;we do&#8221;. Bis 2030 investiert <span class=\"lowercase hyphens-manual\">tesa<\/span> weltweit rund 300 Millionen Euro in die nachhaltige Transformation seines Gesch\u00e4fts. Mit einer bereits erreichten CO\u2082-Reduktion von 39 Prozent (Scope 1 und 2) ist das Unternehmen auf bestem Weg zum Ziel der klimaneutralen Produktion. Die konsequente Umstellung auf erneuerbare Energien leistet dabei einen wesentlichen Beitrag: Schon heute deckt <span class=\"lowercase hyphens-manual\">tesa<\/span> 90 Prozent seines weltweiten Strombedarfs aus nachhaltigen Quellen. Als multinationales Unternehmen, das in \u00fcber 100 L\u00e4ndern aktiv ist und Werke in Deutschland, Italien, China, den USA und Vietnam betreibt, bekennt sich <span class=\"lowercase hyphens-manual\">tesa<\/span> zu seiner Verantwortung f\u00fcr Umwelt und Gesellschaft. Mit rund 5.400 Mitarbeitenden weltweit arbeitet <span class=\"lowercase hyphens-manual\">tesa<\/span> kontinuierlich an der Entwicklung nachhaltigerer Produkte und l\u00f6sungsmittelfreier Produktionsverfahren<\/p>\n<\/div>\n<\/div>\n<\/div>\n<\/div>\n<\/section>\n","protected":false},"excerpt":{"rendered":"<p>tesa, internationaler Hersteller innovativer Klebeb\u00e4nder und selbstklebender Produktl\u00f6sungen, setzt mit dem offiziellen Baustart&#8230;<\/p>\n","protected":false},"author":2,"featured_media":42430,"comment_status":"closed","ping_status":"closed","sticky":false,"template":"","format":"standard","meta":{"footnotes":""},"categories":[24,16],"tags":[],"series":[],"class_list":["post-42429","post","type-post","status-publish","format-standard","has-post-thumbnail","hentry","category-plas-tv-meldungen-auf-der-startseite-unterhalb-slider","category-plast-tv-textmeldungen"],"_links":{"self":[{"href":"https:\/\/plas.tv\/index.php?rest_route=\/wp\/v2\/posts\/42429","targetHints":{"allow":["GET"]}}],"collection":[{"href":"https:\/\/plas.tv\/index.php?rest_route=\/wp\/v2\/posts"}],"about":[{"href":"https:\/\/plas.tv\/index.php?rest_route=\/wp\/v2\/types\/post"}],"author":[{"embeddable":true,"href":"https:\/\/plas.tv\/index.php?rest_route=\/wp\/v2\/users\/2"}],"replies":[{"embeddable":true,"href":"https:\/\/plas.tv\/index.php?rest_route=%2Fwp%2Fv2%2Fcomments&post=42429"}],"version-history":[{"count":1,"href":"https:\/\/plas.tv\/index.php?rest_route=\/wp\/v2\/posts\/42429\/revisions"}],"predecessor-version":[{"id":42431,"href":"https:\/\/plas.tv\/index.php?rest_route=\/wp\/v2\/posts\/42429\/revisions\/42431"}],"wp:featuredmedia":[{"embeddable":true,"href":"https:\/\/plas.tv\/index.php?rest_route=\/wp\/v2\/media\/42430"}],"wp:attachment":[{"href":"https:\/\/plas.tv\/index.php?rest_route=%2Fwp%2Fv2%2Fmedia&parent=42429"}],"wp:term":[{"taxonomy":"category","embeddable":true,"href":"https:\/\/plas.tv\/index.php?rest_route=%2Fwp%2Fv2%2Fcategories&post=42429"},{"taxonomy":"post_tag","embeddable":true,"href":"https:\/\/plas.tv\/index.php?rest_route=%2Fwp%2Fv2%2Ftags&post=42429"},{"taxonomy":"series","embeddable":true,"href":"https:\/\/plas.tv\/index.php?rest_route=%2Fwp%2Fv2%2Fseries&post=42429"}],"curies":[{"name":"wp","href":"https:\/\/api.w.org\/{rel}","templated":true}]}}