{"id":42452,"date":"2025-11-03T07:17:13","date_gmt":"2025-11-03T06:17:13","guid":{"rendered":"https:\/\/plas.tv\/?p=42452"},"modified":"2025-10-31T10:20:53","modified_gmt":"2025-10-31T09:20:53","slug":"basf-beginnt-im-november-2025-ein-aktienrueckkaufprogramm","status":"publish","type":"post","link":"https:\/\/plas.tv\/?p=42452","title":{"rendered":"BASF beginnt im November 2025 ein Aktienr\u00fcckkaufprogramm"},"content":{"rendered":"<div class=\"ng-star-inserted\">\n<div class=\"service-icons hidden-on-scroll\">\n<ul class=\"service-icons-list\">\n<li class=\"service-icons-list__item item-contact\"><strong>Eigene Aktien mit einem Volumen von bis zu 1,5 Milliarden \u20ac sollen im Zeitraum von November 2025 bis Juni 2026 zur\u00fcckgekauft werden<\/strong><\/li>\n<\/ul>\n<\/div>\n<\/div>\n<div class=\"ng-star-inserted\">\n<div class=\"wxp-grid-row ng-star-inserted\">\n<div id=\"textComponent-913110682\" class=\"wxp-text wxp-rt\">\n<div>\n<ul>\n<li><strong>Programm ist Teil des im September 2024 angek\u00fcndigten Aktienr\u00fcckkaufs in H\u00f6he von insgesamt 4 Milliarden \u20ac bis Ende 2028<\/strong><\/li>\n<li><strong>Zur\u00fcckgekaufte Aktien sollen eingezogen und das Grundkapital entsprechend herabgesetzt werden<\/strong><\/li>\n<\/ul>\n<p>Angesichts der bereits erhaltenen und noch erwarteten Zahlungsmittelzufl\u00fcsse, insbesondere aus Portfolioma\u00dfnahmen, hat der Vorstand der BASF SE am 28. Oktober 2025 ein Aktienr\u00fcckkaufprogramm beschlossen. Das Programm hat ein Volumen von bis zu 1,5 Milliarden \u20ac, soll im November 2025 beginnen und bis Ende Juni 2026 abgeschlossen werden. Es ist Teil des im Rahmen des Capital Markets Days im September 2024 angek\u00fcndigten Aktienr\u00fcckkaufs in H\u00f6he von insgesamt 4 Milliarden \u20ac bis Ende 2028. BASF SE wird die zur\u00fcckgekauften Aktien einziehen und das Grundkapital entsprechend herabsetzen.<\/p>\n<p>Das Aktienr\u00fcckkaufprogramm basiert auf der Erm\u00e4chtigung der ordentlichen Hauptversammlung der BASF SE vom 29. April 2022, wonach der Vorstand bis zum 28. April 2027 bis zu 10 % der zum Zeitpunkt der Beschlussfassung ausstehenden Aktien (10\u00a0% des Grundkapitals) erwerben kann. Der Erwerb soll unter Inanspruchnahme der \u201eSafe-Harbor\u201c-Ausnahme f\u00fcr R\u00fcckkaufprogramme nach Artikel 5 der EU-Marktmissbrauchsverordnung abgewickelt werden.<\/p>\n<p>Mittelfristig ist BASF bestrebt, die Gesamtaussch\u00fcttung an Aktion\u00e4re durch eine Kombination aus Dividenden und Aktienr\u00fcckk\u00e4ufen mindestens auf dem Niveau der vergangenen Jahre zu halten. BASF hat sich somit das Ziel gesetzt, von 2025 bis 2028 mindestens 12 Milliarden \u20ac an Aktion\u00e4re auszusch\u00fctten. Konkret will das Unternehmen eine Dividende von mindestens 2,25 \u20ac je Aktie oder rund 2\u00a0Milliarden\u00a0\u20ac pro Jahr aussch\u00fctten. Die Gesamtaussch\u00fcttung an Dividenden von rund 8 Milliarden \u20ac in dem Zeitraum von vier Jahren soll durch Aktienr\u00fcckk\u00e4ufe in H\u00f6he von mindestens 4 Milliarden \u20ac erg\u00e4nzt werden. Diese Aktienr\u00fcckk\u00e4ufe sollten urspr\u00fcnglich ab sp\u00e4testens 2027 beginnen. Nun wird ein Teil davon zeitlich vorgezogen.<\/p>\n<p>Durch den R\u00fcckkauf eigener Aktien wird verf\u00fcgbares Kapital an die Aktion\u00e4re zur\u00fcckgezahlt, die Kapitalstruktur des Unternehmens optimiert und das Ergebnis je Aktie erh\u00f6ht. Daneben wird BASF die Nettoverschuldung reduzieren, um ihre Bilanz zu st\u00e4rken. Die F\u00e4lligkeiten der ausstehenden Anleihen erm\u00f6glichen eine erhebliche Reduzierung der Verschuldung im Jahr 2026.<\/p>\n<p>BASF strebt weiterhin ein Single A Kreditrating an, das einen uneingeschr\u00e4nkten Zugang zu den Geld- und Kapitalm\u00e4rkten gew\u00e4hrleistet. Derzeit verf\u00fcgt das Unternehmen \u00fcber ein Rating von \u201eA\/F1\/Ausblick stabil\u201c bei Fitch, von \u201eA3\/P-2\/Ausblick stabil\u201c bei Moody\u2019s und \u201eA-\/A-2\/Ausblick stabil\u201c bei Standard &amp;\u00a0Poor\u2019s.<\/p>\n<\/div>\n<\/div>\n<\/div>\n<\/div>\n","protected":false},"excerpt":{"rendered":"<p>Angesichts der bereits erhaltenen und noch erwarteten Zahlungsmittelzufl\u00fcsse, insbesondere aus Portfolioma\u00dfnahmen, hat der Vorstand der BASF SE&#8230;<\/p>\n","protected":false},"author":2,"featured_media":24065,"comment_status":"closed","ping_status":"closed","sticky":false,"template":"","format":"standard","meta":{"footnotes":""},"categories":[24,16],"tags":[],"series":[],"class_list":["post-42452","post","type-post","status-publish","format-standard","has-post-thumbnail","hentry","category-plas-tv-meldungen-auf-der-startseite-unterhalb-slider","category-plast-tv-textmeldungen"],"_links":{"self":[{"href":"https:\/\/plas.tv\/index.php?rest_route=\/wp\/v2\/posts\/42452","targetHints":{"allow":["GET"]}}],"collection":[{"href":"https:\/\/plas.tv\/index.php?rest_route=\/wp\/v2\/posts"}],"about":[{"href":"https:\/\/plas.tv\/index.php?rest_route=\/wp\/v2\/types\/post"}],"author":[{"embeddable":true,"href":"https:\/\/plas.tv\/index.php?rest_route=\/wp\/v2\/users\/2"}],"replies":[{"embeddable":true,"href":"https:\/\/plas.tv\/index.php?rest_route=%2Fwp%2Fv2%2Fcomments&post=42452"}],"version-history":[{"count":1,"href":"https:\/\/plas.tv\/index.php?rest_route=\/wp\/v2\/posts\/42452\/revisions"}],"predecessor-version":[{"id":42453,"href":"https:\/\/plas.tv\/index.php?rest_route=\/wp\/v2\/posts\/42452\/revisions\/42453"}],"wp:featuredmedia":[{"embeddable":true,"href":"https:\/\/plas.tv\/index.php?rest_route=\/wp\/v2\/media\/24065"}],"wp:attachment":[{"href":"https:\/\/plas.tv\/index.php?rest_route=%2Fwp%2Fv2%2Fmedia&parent=42452"}],"wp:term":[{"taxonomy":"category","embeddable":true,"href":"https:\/\/plas.tv\/index.php?rest_route=%2Fwp%2Fv2%2Fcategories&post=42452"},{"taxonomy":"post_tag","embeddable":true,"href":"https:\/\/plas.tv\/index.php?rest_route=%2Fwp%2Fv2%2Ftags&post=42452"},{"taxonomy":"series","embeddable":true,"href":"https:\/\/plas.tv\/index.php?rest_route=%2Fwp%2Fv2%2Fseries&post=42452"}],"curies":[{"name":"wp","href":"https:\/\/api.w.org\/{rel}","templated":true}]}}