{"id":42753,"date":"2025-12-18T07:29:53","date_gmt":"2025-12-18T06:29:53","guid":{"rendered":"https:\/\/plas.tv\/?p=42753"},"modified":"2025-12-11T10:31:38","modified_gmt":"2025-12-11T09:31:38","slug":"die-feddersen-group-entwickelt-ein-neues-kompetenzzentrum-in-schweden","status":"publish","type":"post","link":"https:\/\/plas.tv\/?p=42753","title":{"rendered":"Die Feddersen Group entwickelt ein neues Kompetenzzentrum in Schweden"},"content":{"rendered":"<p>Verdopplung der Fl\u00e4che und Investition in die langfristige Rentabilit\u00e4t der Kunststoff- und Recyclingindustrie.<\/p>\n<p>Die Feddersen Group engagiert sich stark in Sm\u00e5land und entwickelt ein v\u00f6llig neues Kompetenzzentrum in Bredasten in V\u00e4rnamo, Schweden. Der neue Standort wird doppelt so gro\u00df sein wie der derzeitige und als offener, praxisorientierter Ort f\u00fcr Vorf\u00fchrungen, Testl\u00e4ufe, Schulungen und kundenorientierte Entwicklungsprojekte konzipiert sein.<\/p>\n<p>Die Investition wird trotz des wirtschaftlichen Abschwungs get\u00e4tigt \u2013 im Einklang mit der langfristigen Strategie der Unternehmensgruppe zur St\u00e4rkung der Rentabilit\u00e4t in der Kunststoff- und Recyclingindustrie.<\/p>\n<p>Wenn das Zentrum im Dezember 2026 er\u00f6ffnet wird, werden K.D. Feddersen Plastics Machinery, K.D. Feddersen Distribution und K.D. Feddersen Norden Holding in die neuen R\u00e4umlichkeiten umziehen und so eine integrierte Umgebung unter einem Dach schaffen \u2013 von Rohstoffen \u00fcber Maschinen und Automatisierung bis hin zu Service und Kreislaufwirtschaft.<\/p>\n<p>\u201eWir haben das Privileg, sehr starke Eigent\u00fcmer zu haben, die sich intensiv f\u00fcr die Kunststoffindustrie engagieren und eine langfristige Roadmap verfolgen\u201c, sagt Torbj\u00f6rn Egerhag, Vorstandsvorsitzender der K.D. Feddersen Norden Holding. \u201eMit unseren Investitionen wollen wir unseren Kunden und Partnern einen Vorsprung verschaffen, wenn sich die Wirtschaft wieder erholt, und die Position der Region als f\u00fchrender Standort f\u00fcr eine nachhaltige, wettbewerbsf\u00e4hige Kunststoffproduktion st\u00e4rken.\u201c<\/p>\n<p>Mit f\u00fchrenden Marken und engen Partnerschaften wird das Kompetenzzentrum ein Ort sein, an dem Kunden komplette Produktionszellen mit Automatisierungs- und Zusatzausr\u00fcstung erleben, die Materialauswahl \u2013 einschlie\u00dflich recycelter Rohstoffe \u2013 optimieren und Prozesse in realen Produktionsl\u00e4ufen validieren k\u00f6nnen. Anwendungssupport, Energieeffizienz, Material- und Datenanalyse sowie Schulungen werden am selben Ort zusammengef\u00fchrt, wodurch der Weg von der Idee und Simulation zu bew\u00e4hrter Leistung und messbaren Verbesserungen in der Fertigung verk\u00fcrzt wird. Dies soll zu einer besseren Materialauswahl, k\u00fcrzeren Vorlaufzeiten und einer verbesserten Wirtschaftlichkeit f\u00fcr die Kunden beitragen.<\/p>\n<p>\u201eUnsere Hauptaufgabe ist es, gute Botschafter f\u00fcr die Kunststoffindustrie zu sein und Rentabilit\u00e4t f\u00fcr unsere Kunden zu schaffen\u201c, sagt Bengt Rimark, CEO von K.D. Feddersen Plastics Machinery in den nordischen und baltischen L\u00e4ndern.<\/p>\n<p>\u201eDas Kompetenzzentrum bietet uns noch bessere Voraussetzungen, um zu zeigen, zu beweisen und zu liefern \u2013 von der richtigen Maschineninvestition bis hin zu optimierten Produktionsprozessen f\u00fcr h\u00f6here Rentabilit\u00e4t.\u201c<\/p>\n<p>\u201eAls einer der starken Rohstofflieferanten in der nordischen Region wollen wir noch n\u00e4her an der Realit\u00e4t unserer Kunden sein\u201c, sagt Dan Hagstr\u00f6m, CEO von K.D. Feddersen Distribution in den nordischen L\u00e4ndern. \u201eDurch den Umzug in das neue Kompetenzzentrum k\u00f6nnen wir gemeinsam Polymere und recycelte Rohstoffe direkt in derselben Umgebung wie Maschinen und Automatisierung testen und optimieren \u2013 was eine sicherere Materialauswahl, k\u00fcrzere Vorlaufzeiten und eine bessere Wirtschaftlichkeit f\u00fcr unsere Kunden erm\u00f6glicht.\u201c<\/p>\n<p>RPZ Fastigheter, unter der Leitung von Hans Eriksson, wird das neue Kompetenzzentrum in Bredasten entwickeln und bauen, dass die Feddersen Group als Mieter beziehen wird. Diese Partnerschaft bietet nach Unternehmensangaben die richtigen Voraussetzungen f\u00fcr langfristiges Wachstum, st\u00e4rkt das Arbeitsumfeld f\u00fcr seine Mitarbeitenden und macht es f\u00fcr zuk\u00fcnftige Kolleginnen und Kollegen noch attraktiver. Mit V\u00e4rnamo als Drehscheibe m\u00f6chte man nun alle nordischen Aktivit\u00e4ten und die acht Unternehmen in einem gemeinsamen, modernen Zentrum zusammenbringen.<\/p>\n","protected":false},"excerpt":{"rendered":"<p>Die Feddersen Group engagiert sich stark in Sm\u00e5land und entwickelt ein v\u00f6llig neues Kompetenzzentrum in Bredasten in V\u00e4rnamo, Schweden&#8230;<\/p>\n","protected":false},"author":2,"featured_media":42754,"comment_status":"closed","ping_status":"closed","sticky":false,"template":"","format":"standard","meta":{"footnotes":""},"categories":[24,16],"tags":[],"series":[],"class_list":["post-42753","post","type-post","status-publish","format-standard","has-post-thumbnail","hentry","category-plas-tv-meldungen-auf-der-startseite-unterhalb-slider","category-plast-tv-textmeldungen"],"_links":{"self":[{"href":"https:\/\/plas.tv\/index.php?rest_route=\/wp\/v2\/posts\/42753","targetHints":{"allow":["GET"]}}],"collection":[{"href":"https:\/\/plas.tv\/index.php?rest_route=\/wp\/v2\/posts"}],"about":[{"href":"https:\/\/plas.tv\/index.php?rest_route=\/wp\/v2\/types\/post"}],"author":[{"embeddable":true,"href":"https:\/\/plas.tv\/index.php?rest_route=\/wp\/v2\/users\/2"}],"replies":[{"embeddable":true,"href":"https:\/\/plas.tv\/index.php?rest_route=%2Fwp%2Fv2%2Fcomments&post=42753"}],"version-history":[{"count":1,"href":"https:\/\/plas.tv\/index.php?rest_route=\/wp\/v2\/posts\/42753\/revisions"}],"predecessor-version":[{"id":42755,"href":"https:\/\/plas.tv\/index.php?rest_route=\/wp\/v2\/posts\/42753\/revisions\/42755"}],"wp:featuredmedia":[{"embeddable":true,"href":"https:\/\/plas.tv\/index.php?rest_route=\/wp\/v2\/media\/42754"}],"wp:attachment":[{"href":"https:\/\/plas.tv\/index.php?rest_route=%2Fwp%2Fv2%2Fmedia&parent=42753"}],"wp:term":[{"taxonomy":"category","embeddable":true,"href":"https:\/\/plas.tv\/index.php?rest_route=%2Fwp%2Fv2%2Fcategories&post=42753"},{"taxonomy":"post_tag","embeddable":true,"href":"https:\/\/plas.tv\/index.php?rest_route=%2Fwp%2Fv2%2Ftags&post=42753"},{"taxonomy":"series","embeddable":true,"href":"https:\/\/plas.tv\/index.php?rest_route=%2Fwp%2Fv2%2Fseries&post=42753"}],"curies":[{"name":"wp","href":"https:\/\/api.w.org\/{rel}","templated":true}]}}