{"id":42765,"date":"2025-12-19T07:40:22","date_gmt":"2025-12-19T06:40:22","guid":{"rendered":"https:\/\/plas.tv\/?p=42765"},"modified":"2025-12-11T10:41:59","modified_gmt":"2025-12-11T09:41:59","slug":"greendot-erweitert-angebot-im-mechanischen-kunststoffrecycling-durch-integration-des-italienischen-compounders-forplast","status":"publish","type":"post","link":"https:\/\/plas.tv\/?p=42765","title":{"rendered":"GreenDot erweitert Angebot im mechanischen Kunststoffrecycling durch Integration des italienischen Compounders Forplast"},"content":{"rendered":"<p>Nach der Pressemitteilung vom Juli 2025, in der die neue Aktion\u00e4rsstruktur von GreenDot sowie weitere Investitionen in die Gesch\u00e4ftsentwicklung bekannt gegeben wurden, erweitert das Unternehmen nun seine F\u00e4higkeiten und seine Gesch\u00e4ftsbasis durch die Aufnahme eines hochwertigen Compounders f\u00fcr rHDPE Bottle-to-Bottle und rPP in die GreenDot Gruppe.<\/p>\n<p>Diese Transaktion st\u00e4rkt die F\u00fchrungsrolle von GreenDot im mechanischen Recycling von Kunststoffverpackungsabf\u00e4llen aus Haushalten sowie in der Herstellung hochwertiger Rezyklate f\u00fcr den Wiedereinsatz in Kunststoffverpackungen. Diese Investition tr\u00e4gt weiter zu den Zielen der Kreislaufwirtschaft f\u00fcr Kunststoffverpackungen in Europa bei, zu den Herausforderungen der Dekarbonisierung der Industrie und insbesondere zu den Recyclingquoten-Zielen f\u00fcr Kunststoffverpackungen bis 2030 im Rahmen der EU-Verpackungs- und Verpackungsabfallverordnung (PPWR).<\/p>\n<p><strong>Laurent Auguste, CEO von GreenDot:<\/strong> \u201eWir freuen uns sehr, dass Forplast der GreenDot-Gruppe beitritt. Gemeinsam werden wir unser Angebot f\u00fcr Verarbeiter und Marken um echte 100% Bottle-to-Bottle-L\u00f6sungen der Kreislaufwirtschaft erweitern. Die \u00fcber Jahre entwickelte Expertise von Forplast ist einzigartig. GreenDot wird Forplast dabei unterst\u00fctzen, sein volles Gesch\u00e4ftspotenzial auszusch\u00f6pfen und seine Marktpr\u00e4senz nachhaltig zu erweitern. Diese Integration best\u00e4tigt unsere Ambition, eine F\u00fchrungsposition im mechanischen Recycling von Kunststoffverpackungen in Europa einzunehmen und zeigt die Attraktivit\u00e4t unseres Teams f\u00fcr Unternehmer in einer Zeit des Wandels in der Kunststoffrecyclingbranche.\u201c<\/p>\n<p><strong>Paolo Aimi, CEO von Forplast:<\/strong> \u201eWir sind begeistert \u00fcber die Integration unseres Unternehmens in die GreenDot Gruppe. Teil einer gr\u00f6\u00dferen europ\u00e4ischen Familie zu sein, erm\u00f6glicht es uns, die Herausforderungen der Kunststoffrecycling-Gemeinschaft in Europa gemeinsam zu meistern. Diese Integration verschafft uns Zugang zu zus\u00e4tzlichen PCR-Kunststoffabf\u00e4llen und erlaubt uns, unser technisches Wissen in die Aktivit\u00e4ten der Gruppe einzubringen. Forplast ist ein etabliertes italienisches Unternehmen, gegr\u00fcndet 1971 von der Familie Villa, mit einer langen Tradition im Compounding und in der Herstellung von PE-Rohren.\u201c<\/p>\n","protected":false},"excerpt":{"rendered":"<p>Nach der Pressemitteilung vom Juli 2025, in der die neue Aktion\u00e4rsstruktur von GreenDot sowie weitere Investitionen in die Gesch\u00e4ftsentwicklung&#8230;<\/p>\n","protected":false},"author":2,"featured_media":42766,"comment_status":"closed","ping_status":"closed","sticky":false,"template":"","format":"standard","meta":{"footnotes":""},"categories":[24,16],"tags":[],"series":[],"class_list":["post-42765","post","type-post","status-publish","format-standard","has-post-thumbnail","hentry","category-plas-tv-meldungen-auf-der-startseite-unterhalb-slider","category-plast-tv-textmeldungen"],"_links":{"self":[{"href":"https:\/\/plas.tv\/index.php?rest_route=\/wp\/v2\/posts\/42765","targetHints":{"allow":["GET"]}}],"collection":[{"href":"https:\/\/plas.tv\/index.php?rest_route=\/wp\/v2\/posts"}],"about":[{"href":"https:\/\/plas.tv\/index.php?rest_route=\/wp\/v2\/types\/post"}],"author":[{"embeddable":true,"href":"https:\/\/plas.tv\/index.php?rest_route=\/wp\/v2\/users\/2"}],"replies":[{"embeddable":true,"href":"https:\/\/plas.tv\/index.php?rest_route=%2Fwp%2Fv2%2Fcomments&post=42765"}],"version-history":[{"count":1,"href":"https:\/\/plas.tv\/index.php?rest_route=\/wp\/v2\/posts\/42765\/revisions"}],"predecessor-version":[{"id":42767,"href":"https:\/\/plas.tv\/index.php?rest_route=\/wp\/v2\/posts\/42765\/revisions\/42767"}],"wp:featuredmedia":[{"embeddable":true,"href":"https:\/\/plas.tv\/index.php?rest_route=\/wp\/v2\/media\/42766"}],"wp:attachment":[{"href":"https:\/\/plas.tv\/index.php?rest_route=%2Fwp%2Fv2%2Fmedia&parent=42765"}],"wp:term":[{"taxonomy":"category","embeddable":true,"href":"https:\/\/plas.tv\/index.php?rest_route=%2Fwp%2Fv2%2Fcategories&post=42765"},{"taxonomy":"post_tag","embeddable":true,"href":"https:\/\/plas.tv\/index.php?rest_route=%2Fwp%2Fv2%2Ftags&post=42765"},{"taxonomy":"series","embeddable":true,"href":"https:\/\/plas.tv\/index.php?rest_route=%2Fwp%2Fv2%2Fseries&post=42765"}],"curies":[{"name":"wp","href":"https:\/\/api.w.org\/{rel}","templated":true}]}}