{"id":42774,"date":"2025-12-22T07:25:03","date_gmt":"2025-12-22T06:25:03","guid":{"rendered":"https:\/\/plas.tv\/?p=42774"},"modified":"2025-12-16T10:27:48","modified_gmt":"2025-12-16T09:27:48","slug":"brueckner-group-staerkt-ihre-position-durch-uebernahme-des-maschinen-und-anlagenbauers-hennecke-group","status":"publish","type":"post","link":"https:\/\/plas.tv\/?p=42774","title":{"rendered":"Br\u00fcckner Group st\u00e4rkt ihre Position durch \u00dcbernahme des Maschinen- und Anlagenbauers Hennecke GROUP"},"content":{"rendered":"<p>Die Br\u00fcckner Group setzt ihren strategischen Wachstumskurs fort: Mit der \u00dcbernahme der Hennecke GROUP erweitert sie ihr globales Portfolio um Schl\u00fcsseltechnologien f\u00fcr Maschinen, Anlagen und Systeme zur Verarbeitung von Polyurethan (PUR). Damit wird das bestehende Leistungsangebot ideal erg\u00e4nzt und Zugang zu neuen M\u00e4rkten geschaffen. Als weltweiter Marktf\u00fchrer bringt Hennecke mit ihrer Expertise im Bereich Reaktivkunststoffe weitere materialbasierte High-Tech-L\u00f6sungen in die Unternehmensgruppe ein. Diese Technologie ist in zahlreichen Branchen, wie der Bauindustrie, der M\u00f6belindustrie oder im Bereich K\u00fchltechnik, einsetzbar und schafft neue Diversifikationspotenziale. Der Vertragsschluss zwischen der Br\u00fcckner Group und einem von der Capvis AG, Schweiz, beratenen Fonds als Mehrheitseigent\u00fcmer der Hennecke erfolgte am 03.12.2025. Die Transaktion wird Anfang Januar abgeschlossen sein.<\/p>\n<p><em>\u201eMit Hennecke gewinnen wir eine hochspezialisierte Erg\u00e4nzung zu unserem Portfolio. Die Akquisition eines weiteren marktf\u00fchrenden Technologieunternehmens rundet das Produktangebot der Br\u00fcckner Group sinnvoll ab und verschafft Hennecke Zugang zu Innovationskraft und globaler Pr\u00e4senz.\u201c\u00a0<\/em><\/p>\n<p>DR. AXEL VON WIEDERSPERG, CEO BR\u00dcCKNER GROUP<\/p>\n<p>Hennecke verf\u00fcgt \u00fcber ein internationales Standortnetzwerk in Deutschland, Italien, den USA und China, ein marktf\u00fchrendes Produktportfolio mit weltweit innovativen Systemen und Technologien mit hohem \u00f6konomischem und \u00f6kologischem Nutzen sowie eine exzellente Reputation in der Kunststoffindustrie \u2013 insbesondere au\u00dferhalb der Verpackungsbranche. Damit erschlie\u00dft die Br\u00fcckner Group neue Produktfelder und st\u00e4rkt ihre globale Kompetenzbasis.<\/p>\n<p><em>\u201eDer Zusammenschluss beider Unternehmen b\u00fcndelt technologische Kompetenz und globale Marktpr\u00e4senz. Damit schaffen wir die Grundlage, unsere Position im internationalen PUR-Markt weiter auszubauen. Dieser Schritt ist eine konsequente Fortf\u00fchrung unseres Hennecke Business Systems und der FOCUS2030-Strategie f\u00fcr nachhaltiges Wachstum. Zusammen mit der Br\u00fcckner Group werden wir Innovations- und Wachstumspotenziale k\u00fcnftig deutlich schneller erschlie\u00dfen k\u00f6nnen.\u201c<\/em><\/p>\n<p>THOMAS WILDT, CEO HENNECKE GROUP<\/p>\n<p>&nbsp;<\/p>\n","protected":false},"excerpt":{"rendered":"<p>Die Br\u00fcckner Group setzt ihren strategischen Wachstumskurs fort: Mit der \u00dcbernahme der Hennecke GROUP erweitert sie ihr globales Portfolio&#8230;<\/p>\n","protected":false},"author":2,"featured_media":23135,"comment_status":"closed","ping_status":"closed","sticky":false,"template":"","format":"standard","meta":{"footnotes":""},"categories":[24,16],"tags":[],"series":[],"class_list":["post-42774","post","type-post","status-publish","format-standard","has-post-thumbnail","hentry","category-plas-tv-meldungen-auf-der-startseite-unterhalb-slider","category-plast-tv-textmeldungen"],"_links":{"self":[{"href":"https:\/\/plas.tv\/index.php?rest_route=\/wp\/v2\/posts\/42774","targetHints":{"allow":["GET"]}}],"collection":[{"href":"https:\/\/plas.tv\/index.php?rest_route=\/wp\/v2\/posts"}],"about":[{"href":"https:\/\/plas.tv\/index.php?rest_route=\/wp\/v2\/types\/post"}],"author":[{"embeddable":true,"href":"https:\/\/plas.tv\/index.php?rest_route=\/wp\/v2\/users\/2"}],"replies":[{"embeddable":true,"href":"https:\/\/plas.tv\/index.php?rest_route=%2Fwp%2Fv2%2Fcomments&post=42774"}],"version-history":[{"count":1,"href":"https:\/\/plas.tv\/index.php?rest_route=\/wp\/v2\/posts\/42774\/revisions"}],"predecessor-version":[{"id":42775,"href":"https:\/\/plas.tv\/index.php?rest_route=\/wp\/v2\/posts\/42774\/revisions\/42775"}],"wp:featuredmedia":[{"embeddable":true,"href":"https:\/\/plas.tv\/index.php?rest_route=\/wp\/v2\/media\/23135"}],"wp:attachment":[{"href":"https:\/\/plas.tv\/index.php?rest_route=%2Fwp%2Fv2%2Fmedia&parent=42774"}],"wp:term":[{"taxonomy":"category","embeddable":true,"href":"https:\/\/plas.tv\/index.php?rest_route=%2Fwp%2Fv2%2Fcategories&post=42774"},{"taxonomy":"post_tag","embeddable":true,"href":"https:\/\/plas.tv\/index.php?rest_route=%2Fwp%2Fv2%2Ftags&post=42774"},{"taxonomy":"series","embeddable":true,"href":"https:\/\/plas.tv\/index.php?rest_route=%2Fwp%2Fv2%2Fseries&post=42774"}],"curies":[{"name":"wp","href":"https:\/\/api.w.org\/{rel}","templated":true}]}}