{"id":42812,"date":"2026-01-08T07:12:03","date_gmt":"2026-01-08T06:12:03","guid":{"rendered":"https:\/\/plas.tv\/?p=42812"},"modified":"2026-01-05T10:13:21","modified_gmt":"2026-01-05T09:13:21","slug":"elv-trilog-fuehrt-zu-selektiver-kreislaufwirtschaft","status":"publish","type":"post","link":"https:\/\/plas.tv\/?p=42812","title":{"rendered":"ELV-Trilog f\u00fchrt zu selektiver Kreislaufwirtschaft"},"content":{"rendered":"<p><strong>Ausschluss von Post-Industrial-Rezyklaten untergr\u00e4bt funktionierende technische Kunststoffkreisl\u00e4ufe und ignoriert Versorgungsl\u00fccke <\/strong><strong>\u00a0<\/strong><\/p>\n<p><strong>Europ\u00e4ischer Rat und Europ\u00e4isches Parlament haben sich im Trilogverfahren zur \u00dcberarbeitung der EU-Altfahrzeugverordnung (ELV-R) auf einen gemeinsamen Text geeinigt. TecPart \u2013 Verband Technische Kunststoff-Produkte e. V. begr\u00fc\u00dft die grunds\u00e4tzlich positiven Signale durch die vorgesehenen ansteigenden Rezyklatquoten auf 15 Prozent und dann auf 25 Prozent sowie die darin enthaltene 20-Prozent-Closed-Loop-Vorgabe, da sie Investitionen in Recycling und Kreislaufinfrastruktur f\u00fcr die Verwertung von Altfahrzeugen st\u00e4rken werden. Die Quoten sollen jedoch ausschlie\u00dflich mit Post-Consumer-Rezyklaten erf\u00fcllt werden. So versch\u00e4rft sich eine zentrale Herausforderung: Die Versorgungsl\u00fccke bei qualit\u00e4tsgesicherten Rezyklaten f\u00fcr technische Anwendungen, welche nicht aus den haushaltsnahen Abfallstr\u00f6men gewonnen werden k\u00f6nnen, wird durch den Ausschluss von Post-Industrial-Rezyklaten (PIR) weiter vergr\u00f6\u00dfert. <\/strong><strong>\u00a0<\/strong><\/p>\n<p><strong>PIR-Ausschluss bremst tragende S\u00e4ule technischer Kunststoffkreisl\u00e4ufe aus<\/strong><\/p>\n<p>Als Verband, der im Zentrum von Kunststoffverarbeitung und -recycling mit Fokus auf technischer Anwendungen, von praxisnaher Normung und ambitionierter Politik steht, sieht TecPart die Konsequenzen dieser Entscheidung besonders deutlich. \u201ePIR-Rezyklate sind heute eine zentrale S\u00e4ule f\u00fcr qualit\u00e4tsgesicherte, klimaschonende Rezyklatmengen in sensiblen und sicherheitsrelevanten Kunststoffanwendungen im Fahrzeugbau. Die Nichtanrechenbarkeit dieses Stoffstroms im gesetzlichen Rahmen f\u00fchrt zu einem selektiven Kreislaufverst\u00e4ndnis, das real existierende industrielle Kreisl\u00e4ufe ignoriert und bestehende Strukturen schw\u00e4cht. Zudem stellt dies eine einzigartige Diskriminierung des Werkstoffs Kunststoff dar. Eine Abfallstrom-Unterscheidung in PIR und PCR gibt es weder bei Metallen noch bei Papier oder Glas\u201c, erkl\u00e4rt Michael Weigelt, Gesch\u00e4ftsf\u00fchrer von TecPart.<\/p>\n<p>Marktanalysen \u2013 darunter unter anderem die j\u00fcngste Studie von Porsche Consulting<a href=\"#_ftn1\" name=\"_ftnref1\"><sup>[1]<\/sup><\/a> sowie von der er BKV GmbH und Conversio GmbH<a href=\"#_ftn2\" name=\"_ftnref2\"><sup>[2]<\/sup><\/a> \u2013 zeigen, dass PCR-Mengen f\u00fcr technische Kunststoffe weder in ausreichender Typenvielfalt noch in stabiler Qualit\u00e4t bereitstehen. PIR-Str\u00f6me tragen seit Jahrzehnten die industrielle Kreislauff\u00fchrung technischer Kunststoffe. Ihre regulatorische Marginalisierung f\u00fchrt zu h\u00f6heren CO\u2082-Emissionen und dem Verlust hochwertiger europ\u00e4ischer Materialstr\u00f6me.<strong>\u00a0<\/strong><\/p>\n<p><strong>Auswirkungen von PIR-Ausschluss transparent monitoren <\/strong><\/p>\n<p>Aus Sicht von TecPart ist es unerl\u00e4sslich, dass die Europ\u00e4ische Kommission und die Mitgliedstaaten die \u00f6konomischen und \u00f6kologischen Auswirkungen des PIR-Ausschlusses transparent nachverfolgen und in \u00dcberpr\u00fcfungsprozessen sowie flankierenden Initiativen ber\u00fccksichtigen. Nur eine realit\u00e4tsnahe Weiterentwicklung des regulativen Rahmens wird sicherstellen, dass Europas Industrie-, Klima- und Kreislaufziele im Automobilsektor erreichbar bleiben.<strong>\u00a0<\/strong><\/p>\n<p><strong>Rezyklatquoten steigen \u2013 doch Europas Recyclingbasis bricht weg<\/strong><\/p>\n<p>Die Kunststoffrecyclingbranche in Europa steckt in einer akuten Notlage. Hohe Energie- und Produktionskosten, massiver Preisdruck durch g\u00fcnstige Importe, r\u00fcckl\u00e4ufige Nachfrage und kaum noch bezahlbarer Versicherungsschutz f\u00fchren dazu, dass immer mehr Recycler Kapazit\u00e4ten zur\u00fcckfahren oder Standorte schlie\u00dfen. Gleichzeitig steigen durch EU-Verpackungsverordnung, (k\u00fcnftig durch) EU-Altfahrzeugverordnung und weitere Regelwerke die verbindlichen Rezyklatquoten deutlich an. Dieses \u00f6konomisch-\u00f6kologische Paradox gef\u00e4hrdet die Zielerreichung: W\u00e4hrend der Bedarf an Rezyklaten stark w\u00e4chst, bricht die Infrastruktur daf\u00fcr weg. Um diese Entwicklung zu stoppen, braucht es kurzfristig wirksame Ma\u00dfnahmen: eine sp\u00fcrbare Strompreisentlastung f\u00fcr energieintensive Recyclingprozesse, staatlich abgesicherte Versicherungsmodelle, um Betriebe \u00fcberhaupt versicherbar zu halten, CO\u2082-Gutschriften f\u00fcr tats\u00e4chlich vermiedene Emissionen sowie verl\u00e4ssliche und schnelle Genehmigungsprozesse f\u00fcr Investitionen. \u201eVor dem Hintergrund der um ihre Existenz k\u00e4mpfenden kunststoffrecycelnden Unternehmen m\u00fcssen diese Entlastungen schnell, unb\u00fcrokratisch und wirksam kommen. Andernfalls gehen noch vor dem Inkrafttreten der neuen Rezyklatquoten weitere Kapazit\u00e4ten verloren \u2013 und damit genau die Rezyklatmengen, die Europa dringend braucht. Die Folgen f\u00fcr die hier ans\u00e4ssigen Kunststoffverarbeiter sind nicht absehbar\u201c, warnt Michael Weigelt.<\/p>\n<p><sup>1<\/sup> <a href=\"https:\/\/tecpart.de\/wp-content\/uploads\/Whitepaper-Quo-vadis-PCR_2032_DE.pdf\">Porsche Consulting, TecPart, KI Kunststoff Information \u2013 White Paper \u201eQuo vadis, PCR?\u201d<\/a>, 2025.<\/p>\n<p><sup>2<\/sup> <a href=\"https:\/\/www.bkv-gmbh.de\/files\/bkv\/studien\/250213%20Kurzfassung%20Marktprognose%20Rezyklatverf%C3%BCgbarkeit.pdf\">BKV-GmbH \u2013 Conversio GmbH: Marktprognose Rezyklatverf\u00fcgbarkeit<\/a>, 2025.<\/p>\n<p><a href=\"#_ftnref1\" name=\"_ftn1\">[1]<\/a> <a href=\"https:\/\/tecpart.de\/wp-content\/uploads\/Whitepaper-Quo-vadis-PCR_2032_DE.pdf\">Porsche Consulting, TecPart, KI Kunststoff Information \u2013 White Paper \u201eQuo vadis, PCR?\u201d<\/a>, 2025.<\/p>\n<p><a href=\"#_ftnref2\" name=\"_ftn2\">[2]<\/a> <a href=\"https:\/\/www.bkv-gmbh.de\/files\/bkv\/studien\/250213%20Kurzfassung%20Marktprognose%20Rezyklatverf%C3%BCgbarkeit.pdf\">BKV-GmbH \u2013 Conversio GmbH: Marktprognose Rezyklatverf\u00fcgbarkeit<\/a>, 2025.<\/p>\n","protected":false},"excerpt":{"rendered":"<p>Europ\u00e4ischer Rat und Europ\u00e4isches Parlament haben sich im Trilogverfahren zur \u00dcberarbeitung der EU-Altfahrzeugverordnung (ELV-R) auf einen&#8230;<\/p>\n","protected":false},"author":2,"featured_media":13964,"comment_status":"closed","ping_status":"closed","sticky":false,"template":"","format":"standard","meta":{"footnotes":""},"categories":[24,16],"tags":[],"series":[],"class_list":["post-42812","post","type-post","status-publish","format-standard","has-post-thumbnail","hentry","category-plas-tv-meldungen-auf-der-startseite-unterhalb-slider","category-plast-tv-textmeldungen"],"_links":{"self":[{"href":"https:\/\/plas.tv\/index.php?rest_route=\/wp\/v2\/posts\/42812","targetHints":{"allow":["GET"]}}],"collection":[{"href":"https:\/\/plas.tv\/index.php?rest_route=\/wp\/v2\/posts"}],"about":[{"href":"https:\/\/plas.tv\/index.php?rest_route=\/wp\/v2\/types\/post"}],"author":[{"embeddable":true,"href":"https:\/\/plas.tv\/index.php?rest_route=\/wp\/v2\/users\/2"}],"replies":[{"embeddable":true,"href":"https:\/\/plas.tv\/index.php?rest_route=%2Fwp%2Fv2%2Fcomments&post=42812"}],"version-history":[{"count":1,"href":"https:\/\/plas.tv\/index.php?rest_route=\/wp\/v2\/posts\/42812\/revisions"}],"predecessor-version":[{"id":42813,"href":"https:\/\/plas.tv\/index.php?rest_route=\/wp\/v2\/posts\/42812\/revisions\/42813"}],"wp:featuredmedia":[{"embeddable":true,"href":"https:\/\/plas.tv\/index.php?rest_route=\/wp\/v2\/media\/13964"}],"wp:attachment":[{"href":"https:\/\/plas.tv\/index.php?rest_route=%2Fwp%2Fv2%2Fmedia&parent=42812"}],"wp:term":[{"taxonomy":"category","embeddable":true,"href":"https:\/\/plas.tv\/index.php?rest_route=%2Fwp%2Fv2%2Fcategories&post=42812"},{"taxonomy":"post_tag","embeddable":true,"href":"https:\/\/plas.tv\/index.php?rest_route=%2Fwp%2Fv2%2Ftags&post=42812"},{"taxonomy":"series","embeddable":true,"href":"https:\/\/plas.tv\/index.php?rest_route=%2Fwp%2Fv2%2Fseries&post=42812"}],"curies":[{"name":"wp","href":"https:\/\/api.w.org\/{rel}","templated":true}]}}