{"id":42826,"date":"2026-01-12T07:17:15","date_gmt":"2026-01-12T06:17:15","guid":{"rendered":"https:\/\/plas.tv\/?p=42826"},"modified":"2026-01-08T19:18:54","modified_gmt":"2026-01-08T18:18:54","slug":"geschaeftsfuehrung-umfassend-neu-strukturiert","status":"publish","type":"post","link":"https:\/\/plas.tv\/?p=42826","title":{"rendered":"Gesch\u00e4ftsf\u00fchrung umfassend neu strukturiert"},"content":{"rendered":"<h4><strong>Langj\u00e4hrige F\u00fchrungskr\u00e4fte \u00fcbernehmen zentrale Verantwortlichkeiten\u00a0<\/strong><\/h4>\n<p><em><strong>Mit Wirkung zum 1. Januar 2026 hat sich die Gesch\u00e4ftsf\u00fchrung des Kunststoff-Zentrums SKZ neu aufgestellt. SKZ-Vorstandsvorsitzender Prof. Dr.-Ing. Martin Bastian reagiert damit auf die deutlich gestiegene Bedeutung des SKZ am Markt.<\/strong><\/em><\/p>\n<p>Dr. Thomas Hochrein, bisher Gesch\u00e4ftsf\u00fchrer der SKZ \u2013 KFE gGmbH (Gesch\u00e4ftsfeld Bildung und Forschung) sowie der SKZ \u2013 Testing GmbH (Gesch\u00e4ftsfeld Produktzertifizierung, -\u00fcberwachung und -pr\u00fcfung), \u00fcbernimmt ab sofort die Gesch\u00e4ftsf\u00fchrung der SKZ-Holding FSKZ e. V., die bislang vom Vorstand Prof. Dr. Martin Bastian gef\u00fchrt wurde. W\u00e4hrend die Gesch\u00e4ftsf\u00fchrung der SKZ \u2013 Testing GmbH weiterhin bei Hochrein verbleibt, \u00fcbergibt er die Verantwortung f\u00fcr die SKZ \u2013 KFE gGmbH vollst\u00e4ndig an seinen bisherigen Stellvertreter, Dr. Benjamin Baudrit.<\/p>\n<p>Martin Bastian konzentriert sich k\u00fcnftig voll auf seine Aufgaben als Vorstandsvorsitzender des SKZ. Dipl.-Ing. Robert Schmitt f\u00fchrt unver\u00e4ndert die Gesch\u00e4fte der SKZ\u2013Cert GmbH und verantwortet weiterhin das Gesch\u00e4ftsfeld der Zertifizierung von Managementsystemen.\u201c<\/p>\n<p>Neu in die Gesch\u00e4ftsf\u00fchrung r\u00fcckt Dr. Giovanni Schober auf, bislang Bereichsleiter Kunden- und Projektmanagement der SKZ \u2013 Testing GmbH und mit weitreichender Erfahrung als Bereichsleiter in der Forschung. K\u00fcnftig unterst\u00fctzt er Hochrein als Gesch\u00e4ftsf\u00fchrer im Gesch\u00e4ftsfeld der Produktzertifizierung, -\u00fcberwachung und -pr\u00fcfung.<\/p>\n<p>\u201eDie Verantwortung f\u00fcr die Gesch\u00e4ftsf\u00fchrung der SKZ-Holding FSKZ e. V. wird an Dr. Thomas Hochrein \u00fcbertragen, also einem Gesch\u00e4ftsf\u00fchrer, der sich in anderen SKZ-Gesellschaften au\u00dferordentlich bew\u00e4hrt hat\u201c, erkl\u00e4rt Bastian. \u201eIch freue mich sehr dar\u00fcber, dass alle Positionen mit langj\u00e4hrigen Mitarbeitenden aus den eigenen Reihen besetzt werden konnten.\u201c Neben Martin Bastian, Robert Schmitt und Thomas Hochrein geh\u00f6ren auch Benjamin Baudrit und Giovanni Schober seit vielen Jahren zum SKZ.<\/p>\n<p>Auch Thomas Hochrein zeigt sich erfreut \u00fcber die Wahl seines Nachfolgers in der Forschung und Bildung und seines Stellvertreters in der Pr\u00fcfung, \u00dcberwachung und Zertifizierung: \u201eSowohl Benjamin Baudrit als auch Giovanni Schober haben bei ihren bisherigen T\u00e4tigkeiten gezeigt, dass Sie ihre neuen Aufgabenbereiche hervorragend und mit viel Engagement zum Wohle des SKZ ausf\u00fcllen werden. Ich freue mich darauf, die kommenden Herausforderungen gemeinsam mit meinen Kollegen und unserem Vorstand Martin Bastian anzugehen, um Erfolge zu erzeugen, die das SKZ weiterhin erfolgreich voranbringen.\u201c<\/p>\n<p>\u201eDie Umstrukturierung unterstreicht das Bestreben des SKZ, auf Kontinuit\u00e4t, Erfahrung und auch interne Kompetenz zu setzen. Durch die Besetzung der Schl\u00fcsselpositionen mit langj\u00e4hrigen Mitarbeitenden wird nicht nur die Stabilit\u00e4t innerhalb der Gesch\u00e4ftsf\u00fchrung gesichert, sondern auch die Weiterentwicklung der SKZ-Gesellschaften in den Bereichen Forschung, Bildung, Pr\u00fcfung und Zertifizierung gest\u00e4rkt\u201c, sagt Bastian. \u201eUnsere Partner profitieren somit von einem verl\u00e4sslichen F\u00fchrungsteam, das die Expertise und die Werte des Hauses langfristig vertritt und gleichzeitig neue Impulse f\u00fcr Innovation und Wachstum setzt.\u201c<\/p>\n<p><strong>BU<\/strong>:\u00a0Die neu aufgestellte Gesch\u00e4ftsf\u00fchrung des SKZ (von links): Dr. Benjamin Baudrit, Prof. Dr.-Ing. Martin Bastian, Dr. Thomas Hochrein und Dr. Giovanni Schober. (Foto: Luca Hoffmannbeck, SKZ)<\/p>\n","protected":false},"excerpt":{"rendered":"<p>Mit Wirkung zum 1. Januar 2026 hat sich die Gesch\u00e4ftsf\u00fchrung des Kunststoff-Zentrums SKZ neu aufgestellt. SKZ-Vorstandsvorsitzender&#8230;<\/p>\n","protected":false},"author":2,"featured_media":42827,"comment_status":"closed","ping_status":"closed","sticky":false,"template":"","format":"standard","meta":{"footnotes":""},"categories":[24,16],"tags":[],"series":[],"class_list":["post-42826","post","type-post","status-publish","format-standard","has-post-thumbnail","hentry","category-plas-tv-meldungen-auf-der-startseite-unterhalb-slider","category-plast-tv-textmeldungen"],"_links":{"self":[{"href":"https:\/\/plas.tv\/index.php?rest_route=\/wp\/v2\/posts\/42826","targetHints":{"allow":["GET"]}}],"collection":[{"href":"https:\/\/plas.tv\/index.php?rest_route=\/wp\/v2\/posts"}],"about":[{"href":"https:\/\/plas.tv\/index.php?rest_route=\/wp\/v2\/types\/post"}],"author":[{"embeddable":true,"href":"https:\/\/plas.tv\/index.php?rest_route=\/wp\/v2\/users\/2"}],"replies":[{"embeddable":true,"href":"https:\/\/plas.tv\/index.php?rest_route=%2Fwp%2Fv2%2Fcomments&post=42826"}],"version-history":[{"count":1,"href":"https:\/\/plas.tv\/index.php?rest_route=\/wp\/v2\/posts\/42826\/revisions"}],"predecessor-version":[{"id":42828,"href":"https:\/\/plas.tv\/index.php?rest_route=\/wp\/v2\/posts\/42826\/revisions\/42828"}],"wp:featuredmedia":[{"embeddable":true,"href":"https:\/\/plas.tv\/index.php?rest_route=\/wp\/v2\/media\/42827"}],"wp:attachment":[{"href":"https:\/\/plas.tv\/index.php?rest_route=%2Fwp%2Fv2%2Fmedia&parent=42826"}],"wp:term":[{"taxonomy":"category","embeddable":true,"href":"https:\/\/plas.tv\/index.php?rest_route=%2Fwp%2Fv2%2Fcategories&post=42826"},{"taxonomy":"post_tag","embeddable":true,"href":"https:\/\/plas.tv\/index.php?rest_route=%2Fwp%2Fv2%2Ftags&post=42826"},{"taxonomy":"series","embeddable":true,"href":"https:\/\/plas.tv\/index.php?rest_route=%2Fwp%2Fv2%2Fseries&post=42826"}],"curies":[{"name":"wp","href":"https:\/\/api.w.org\/{rel}","templated":true}]}}