{"id":42845,"date":"2026-01-14T07:38:23","date_gmt":"2026-01-14T06:38:23","guid":{"rendered":"https:\/\/plas.tv\/?p=42845"},"modified":"2026-02-05T11:16:52","modified_gmt":"2026-02-05T10:16:52","slug":"konjunkturumfrage-kunststoffverpackungen-und-kunststofffolien-2","status":"publish","type":"post","link":"https:\/\/plas.tv\/?p=42845","title":{"rendered":"Konjunkturumfrage Kunststoffverpackungen und Kunststofffolien"},"content":{"rendered":"<p><strong><span style=\"font-size: 12.0pt; font-family: 'Arial',sans-serif;\">Verbandsumfrage best\u00e4tigt zur\u00fcckhaltende Konjunkturaussichten f\u00fcr 2026 <\/span><\/strong><\/p>\n<p><span style=\"font-size: 10.5pt; font-family: 'Arial',sans-serif;\">Die deutsche Konjunktur kommt zum Jahresauftakt 2026 nur langsam aus der Schw\u00e4chephase, erste Lichtblicke etwa aufgrund der Anschubwirkung des Fiskalpakets sind erst in der zweiten Jahresh\u00e4lfte zu erwarten. Dass die Unternehmen dem ersten Halbjahr skeptisch entgegenblicken, best\u00e4tigt der ifo-Gesch\u00e4ftsklimaindex, der auf niedrigem Niveau verharrt. Parallel zeigt die aktuelle Verbandsumfrage des Instituts der deutschen Wirtschaft, dass zwar ein leichter Aufw\u00e4rtstrend erwartet wird, viele Branchen aber weiter mit Zur\u00fcckhaltung bei Investitionen und Besch\u00e4ftigung planen. Dieser Trend zeigt sich auch in der <a href=\"https:\/\/kunststoffverpackungen.de\/verbandsumfrage-bestaetigt-zurueckhaltende-konjunkturaussichten-fuer-2026\/\">IK Konjunkturumfrage<\/a>, bei der sich 109 Unternehmen beteiligt haben. <\/span><\/p>\n<p><strong><span style=\"font-size: 10.5pt; font-family: 'Arial',sans-serif;\">Wirtschaftslage eingetr\u00fcbt \u2013 Hersteller erwarten Seitw\u00e4rtsbewegung <\/span><\/strong><\/p>\n<p><span style=\"font-size: 10.5pt; font-family: 'Arial',sans-serif;\">Knapp 70 % der befragten Unternehmen bewerten die allgemeine Wirtschaftslage in Deutschland als schlecht, w\u00e4hrend nur rund 28 % von einer befriedigenden und weniger als 2 % von einer guten Lage sprechen. Damit best\u00e4tigt die Branche den gesamtwirtschaftlichen Befund eines anhaltend schwachen, von Unsicherheit gepr\u00e4gten Umfelds. Immerhin rechnen viele Hersteller mit einer Seitw\u00e4rtsbewegung ihrer eigenen Gesch\u00e4fte: Zwei Drittel der Unternehmen erwarten im 1. Quartal 2026 stabile Absatzmengen, rund 18 % gehen von einem weiteren R\u00fcckgang aus, w\u00e4hrend 16 % eine Verbesserung erwarten. <\/span><\/p>\n<p><span style=\"font-size: 10.5pt; font-family: 'Arial',sans-serif;\">Auch bei Exporten dominiert die Erwartung gleichbleibender Bedingungen rund zwei Drittel der Betriebe stellen sich auf unver\u00e4nderte Verh\u00e4ltnisse ein. Gleichzeitig bleibt der Druck auf die Profitabilit\u00e4t hoch: W\u00e4hrend die H\u00e4lfte der Unternehmen keine Ver\u00e4nderung der Ertragslage erwartet, rechnen 41 % der Betriebe mit einer Verschlechterung und 9 % mit einer Verbesserung. <\/span><\/p>\n<p><span style=\"font-size: 10.5pt; font-family: 'Arial',sans-serif;\">Positiver wird die Entwicklung der Rohstoffverf\u00fcgbarkeit eingesch\u00e4tzt: Rund drei Viertel der Unternehmen erwarten stabile Bedingungen, knapp 19 % sehen eine Verbesserung, 6 % bef\u00fcrchten eine Verschlechterung. <\/span><\/p>\n<p><span style=\"font-size: 10.5pt; font-family: 'Arial',sans-serif;\">Beim Blick auf die Besch\u00e4ftigung zeigt sich die vorsichtige Grundhaltung der Industrie besonders deutlich. Zwar planen 63 % der Unternehmen, ihre Belegschaft stabil zu halten, doch rund 30 % rechnen mit einem Personalabbau, w\u00e4hrend lediglich gut 6 % einen Aufbau von Stellen erwarten. Im Vergleich zum Vorjahresquartal (Q1 2025: Saldoindex Besch\u00e4ftigung -17 Punkte) verst\u00e4rkt sich der Trend zu einer defensiven Personalpolitik, ohne fl\u00e4chendeckenden Stellenabbau. <\/span><\/p>\n<p><span style=\"font-size: 10.5pt; font-family: 'Arial',sans-serif;\">\u201eDie Kunststoffverpackungsindustrie startet nach drei Krisenjahren in ein weiteres \u00dcbergangsjahr: Die Unternehmen hoffen auf konjunkturelle Bodenbildung, sehen aber vorerst keinen Spielraum f\u00fcr Wachstumsspr\u00fcnge. Deshalb fordern wir verl\u00e4ssliche Rahmenbedingungen und Standortentlastungen, um Investitionen und Besch\u00e4ftigung in der Branche zu sichern,\u201c kommentiert Dr. Laura M\u00fcller, Referentin f\u00fcr Wirtschaft bei der IK Industrievereinigung Kunststoffverpackungen e.V. \u201eJetzt ist der Moment, zentrale Reformen mutig anzupacken. Eine starke, widerstandsf\u00e4hige Kunststoff-Wertsch\u00f6pfungskette ist f\u00fcr Deutschland unverzichtbar.\u201c<\/span><\/p>\n","protected":false},"excerpt":{"rendered":"<p>Die deutsche Konjunktur kommt zum Jahresauftakt 2026 nur langsam aus der Schw\u00e4chephase, erste Lichtblicke etwa aufgrund der&#8230;<\/p>\n","protected":false},"author":2,"featured_media":7017,"comment_status":"closed","ping_status":"closed","sticky":false,"template":"","format":"standard","meta":{"footnotes":""},"categories":[24,16],"tags":[],"series":[],"class_list":["post-42845","post","type-post","status-publish","format-standard","has-post-thumbnail","hentry","category-plas-tv-meldungen-auf-der-startseite-unterhalb-slider","category-plast-tv-textmeldungen"],"_links":{"self":[{"href":"https:\/\/plas.tv\/index.php?rest_route=\/wp\/v2\/posts\/42845","targetHints":{"allow":["GET"]}}],"collection":[{"href":"https:\/\/plas.tv\/index.php?rest_route=\/wp\/v2\/posts"}],"about":[{"href":"https:\/\/plas.tv\/index.php?rest_route=\/wp\/v2\/types\/post"}],"author":[{"embeddable":true,"href":"https:\/\/plas.tv\/index.php?rest_route=\/wp\/v2\/users\/2"}],"replies":[{"embeddable":true,"href":"https:\/\/plas.tv\/index.php?rest_route=%2Fwp%2Fv2%2Fcomments&post=42845"}],"version-history":[{"count":2,"href":"https:\/\/plas.tv\/index.php?rest_route=\/wp\/v2\/posts\/42845\/revisions"}],"predecessor-version":[{"id":43019,"href":"https:\/\/plas.tv\/index.php?rest_route=\/wp\/v2\/posts\/42845\/revisions\/43019"}],"wp:featuredmedia":[{"embeddable":true,"href":"https:\/\/plas.tv\/index.php?rest_route=\/wp\/v2\/media\/7017"}],"wp:attachment":[{"href":"https:\/\/plas.tv\/index.php?rest_route=%2Fwp%2Fv2%2Fmedia&parent=42845"}],"wp:term":[{"taxonomy":"category","embeddable":true,"href":"https:\/\/plas.tv\/index.php?rest_route=%2Fwp%2Fv2%2Fcategories&post=42845"},{"taxonomy":"post_tag","embeddable":true,"href":"https:\/\/plas.tv\/index.php?rest_route=%2Fwp%2Fv2%2Ftags&post=42845"},{"taxonomy":"series","embeddable":true,"href":"https:\/\/plas.tv\/index.php?rest_route=%2Fwp%2Fv2%2Fseries&post=42845"}],"curies":[{"name":"wp","href":"https:\/\/api.w.org\/{rel}","templated":true}]}}