{"id":42849,"date":"2026-01-15T07:20:36","date_gmt":"2026-01-15T06:20:36","guid":{"rendered":"https:\/\/plas.tv\/?p=42849"},"modified":"2026-01-08T19:45:38","modified_gmt":"2026-01-08T18:45:38","slug":"auftragseingang-im-maschinen-und-anlagenbau-november-2025-leichte-erholung","status":"publish","type":"post","link":"https:\/\/plas.tv\/?p=42849","title":{"rendered":"Auftragseingang im Maschinen- und Anlagenbau November 2025 Leichte Erholung"},"content":{"rendered":"<p>Die Auftragslage im Maschinen- und Anlagenbau hat sich in den Schlussmonaten des Jahres 2025 wieder etwas erholt. Auf das Orderplus im Oktober folgte auch im <strong>November<\/strong> ein realer Bestellzuwachs von 7 Prozent im Vergleich zum Vorjahr. F\u00fcr die elf Monate von Januar bis einschlie\u00dflich November 2025 resultiert damit eine Stagnation auf Vorjahresniveau in den Auftragsb\u00fcchern. Zum Halbjahr hatten die Bestellungen im Maschinen- und Anlagenbau noch leicht \u00fcber dem Vorjahreswert gelegen, danach folgten einige Monate mit teils kr\u00e4ftigen R\u00fcckg\u00e4ngen.<\/p>\n<p>Weiterhin schwach blieb im November das Inlandsgesch\u00e4ft mit einem R\u00fcckgang von 9 Prozent. Dagegen legten die Bestellungen aus dem Ausland um 14 Prozent zu. Ein hohes Volumen an Bestellungen f\u00fcr Gro\u00dfanlagen verschaffte dem Nicht-Euro-Gesch\u00e4ft ein Plus von real 20 Prozent, Orders aus dem Euro-Raum stiegen um 2 Prozent. \u201eF\u00fcr das neue Jahr ist noch keine echte Auftragsdynamik absehbar, die zu einem kr\u00e4ftigeren Wachstum f\u00fchren w\u00fcrde. Gerade um die Inlandsnachfrage zu st\u00e4rken, bleibt die Bundespolitik in der Pflicht. Ank\u00fcndigungen von Bundeskanzler Merz, es sei nun h\u00f6chste Priorit\u00e4t, die Wirtschaft anzukurbeln, h\u00f6ren wir gerne. Aber den Worten m\u00fcssen jetzt Taten folgen. Dazu br\u00e4uchte es dringend sp\u00fcrbare Reformen, die den industriellen Mittelstand entlasten \u2013 unter anderem niedrigere Unternehmenssteuern deutlich vor 2028, eine Rentenreform, eine Flexibilisierung des Arbeitsmarkts und ein konsequenter B\u00fcrokratieabbau\u201c, sagt VDMA-Chefvolkswirt Dr. Johannes Gernandt.<\/p>\n<p>Im weniger schwankungsanf\u00e4lligen Dreimonats-Zeitraum von <strong>September bis November 2025<\/strong> verbuchten die Unternehmen insgesamt ein Orderminus von real 3 Prozent. Dabei sanken die Inlandsbestellungen um 4 Prozent, das Ausland verbuchte einen R\u00fcckgang von 2 Prozent. Aus den Euro-L\u00e4ndern kamen 5 Prozent weniger Bestellungen, die Auftr\u00e4ge aus den Nicht-Euro-L\u00e4ndern stagnierten.<\/p>\n","protected":false},"excerpt":{"rendered":"<p>Die Auftragslage im Maschinen- und Anlagenbau hat sich in den Schlussmonaten des Jahres 2025 wieder etwas erholt. Auf das Orderplus&#8230;<\/p>\n","protected":false},"author":2,"featured_media":6409,"comment_status":"closed","ping_status":"closed","sticky":false,"template":"","format":"standard","meta":{"footnotes":""},"categories":[24,16],"tags":[],"series":[],"class_list":["post-42849","post","type-post","status-publish","format-standard","has-post-thumbnail","hentry","category-plas-tv-meldungen-auf-der-startseite-unterhalb-slider","category-plast-tv-textmeldungen"],"_links":{"self":[{"href":"https:\/\/plas.tv\/index.php?rest_route=\/wp\/v2\/posts\/42849","targetHints":{"allow":["GET"]}}],"collection":[{"href":"https:\/\/plas.tv\/index.php?rest_route=\/wp\/v2\/posts"}],"about":[{"href":"https:\/\/plas.tv\/index.php?rest_route=\/wp\/v2\/types\/post"}],"author":[{"embeddable":true,"href":"https:\/\/plas.tv\/index.php?rest_route=\/wp\/v2\/users\/2"}],"replies":[{"embeddable":true,"href":"https:\/\/plas.tv\/index.php?rest_route=%2Fwp%2Fv2%2Fcomments&post=42849"}],"version-history":[{"count":1,"href":"https:\/\/plas.tv\/index.php?rest_route=\/wp\/v2\/posts\/42849\/revisions"}],"predecessor-version":[{"id":42850,"href":"https:\/\/plas.tv\/index.php?rest_route=\/wp\/v2\/posts\/42849\/revisions\/42850"}],"wp:featuredmedia":[{"embeddable":true,"href":"https:\/\/plas.tv\/index.php?rest_route=\/wp\/v2\/media\/6409"}],"wp:attachment":[{"href":"https:\/\/plas.tv\/index.php?rest_route=%2Fwp%2Fv2%2Fmedia&parent=42849"}],"wp:term":[{"taxonomy":"category","embeddable":true,"href":"https:\/\/plas.tv\/index.php?rest_route=%2Fwp%2Fv2%2Fcategories&post=42849"},{"taxonomy":"post_tag","embeddable":true,"href":"https:\/\/plas.tv\/index.php?rest_route=%2Fwp%2Fv2%2Ftags&post=42849"},{"taxonomy":"series","embeddable":true,"href":"https:\/\/plas.tv\/index.php?rest_route=%2Fwp%2Fv2%2Fseries&post=42849"}],"curies":[{"name":"wp","href":"https:\/\/api.w.org\/{rel}","templated":true}]}}