{"id":42864,"date":"2026-01-21T07:44:10","date_gmt":"2026-01-21T06:44:10","guid":{"rendered":"https:\/\/plas.tv\/?p=42864"},"modified":"2026-01-15T12:04:52","modified_gmt":"2026-01-15T11:04:52","slug":"elringklinger-beruft-ulrich-zimmer-als-produktionsvorstand","status":"publish","type":"post","link":"https:\/\/plas.tv\/?p=42864","title":{"rendered":"ElringKlinger beruft Ulrich Zimmer als Produktionsvorstand"},"content":{"rendered":"<ul>\n<li><strong>Zimmer folgt als Produktionsvorstand auf Reiner Drews, der zum 31. M\u00e4rz 2026 ausscheidet <\/strong><\/li>\n<li><strong>Im Vorstand ist Zimmer k\u00fcnftig f\u00fcr drei Gesch\u00e4ftsbereiche, die produktions- und lieferkettenbezogenen Zentralbereiche sowie den Bereich Innovation und R&amp;D verantwortlich<\/strong><\/li>\n<li><strong>Zimmer wird seine neuen Aufgaben im Jahresverlauf 2026 \u00fcbernehmen<\/strong><\/li>\n<\/ul>\n<p>Der Aufsichtsrat der ElringKlinger AG (ISIN DE0007856023 \/ WKN 785602) hat Ulrich Zimmer neu in den Konzernvorstand berufen. Zimmer \u00fcbernimmt die Aufgaben von Reiner Drews, der mit Ablauf seines Vertrags auf eigenen Wunsch nach \u00fcber 19 Jahren erfolgreicher Arbeit bei ElringKlinger aus dem Vorstand ausscheiden wird. Als Produktionsvorstand wird Ulrich Zimmer neben den Zentralbereichen Produktion, Qualit\u00e4t, Einkauf, Real Estate, Supply Chain Management sowie dem Bereich Innovation und R&amp;D f\u00fcr die Gesch\u00e4ftsbereiche Lightweighting\/Elastomer Technology, Metal Sealing Systems &amp; Drivetrain Components und Metal Forming &amp; Assembly Technology verantwortlich sein.<\/p>\n<p>Helmut P. Merch, Aufsichtsratsvorsitzender der ElringKlinger AG, unterstreicht: \u201eMit Ulrich Zimmer gewinnen wir eine dynamische F\u00fchrungskraft mit langj\u00e4hriger, ausgezeichneter Expertise in der Automobilindustrie. Wir sind \u00fcberzeugt, dass er mit seiner Erfahrung die operativen Prozesse des Konzerns effizient und zielgerichtet optimieren und zur weiteren Transformation in der Entwicklung innovativer Produkte beitragen wird. Im tiefgreifenden Wandel der Branche sind diese Aktivit\u00e4ten zentrale Bausteine f\u00fcr den k\u00fcnftigen Erfolg von ElringKlinger.\u201c<\/p>\n<p>Derzeit ist Ulrich Zimmer (55) im Volkswagen-Konzern als Senior Vice President R&amp;D bei der Traton SE und als Gesch\u00e4ftsf\u00fchrer f\u00fcr die deutschen Entwicklungsstandorte von Traton verantwortlich. In dieser Funktion war er dort u.a. f\u00fcr den Aufbau der globalen Entwicklungsorganisation im Bereich der Elektromobilit\u00e4t zust\u00e4ndig. Zuvor leitete Ulrich Zimmer sechs Jahre lang den Produktionsbereich Powertrain der MAN Truck &amp; Bus SE. Bevor er 2017 zu MAN wechselte, war er langj\u00e4hrig in leitenden Funktionen f\u00fcr Daimler\u00a0Truck t\u00e4tig. Dabei trug er an unterschiedlichen Standorten auch f\u00fcr gr\u00f6\u00dfere Produktionseinheiten mit komplexen Produktionsabl\u00e4ufen Verantwortung. Seine neuen Aufgaben bei ElringKlinger wird er im Jahresverlauf 2026 \u00fcbernehmen.<\/p>\n<p>Ulrich Zimmer hat sein Physik-Studium an der Eberhard-Karls-Universit\u00e4t T\u00fcbingen mit dem Diplom abgeschlossen und erfolgreich Leadership-Programme am IMD Lausanne, an der ESMT Berlin, am IESE Barcelona und an der HEC Paris absolviert.<\/p>\n<p><strong>\u00a0<\/strong><\/p>\n","protected":false},"excerpt":{"rendered":"<p>Der Aufsichtsrat der ElringKlinger AG hat Ulrich Zimmer neu in den Konzernvorstand berufen. Zimmer \u00fcbernimmt die Aufgaben von Reiner Drews&#8230;<\/p>\n","protected":false},"author":2,"featured_media":42865,"comment_status":"closed","ping_status":"closed","sticky":false,"template":"","format":"standard","meta":{"footnotes":""},"categories":[24,16],"tags":[],"series":[],"class_list":["post-42864","post","type-post","status-publish","format-standard","has-post-thumbnail","hentry","category-plas-tv-meldungen-auf-der-startseite-unterhalb-slider","category-plast-tv-textmeldungen"],"_links":{"self":[{"href":"https:\/\/plas.tv\/index.php?rest_route=\/wp\/v2\/posts\/42864","targetHints":{"allow":["GET"]}}],"collection":[{"href":"https:\/\/plas.tv\/index.php?rest_route=\/wp\/v2\/posts"}],"about":[{"href":"https:\/\/plas.tv\/index.php?rest_route=\/wp\/v2\/types\/post"}],"author":[{"embeddable":true,"href":"https:\/\/plas.tv\/index.php?rest_route=\/wp\/v2\/users\/2"}],"replies":[{"embeddable":true,"href":"https:\/\/plas.tv\/index.php?rest_route=%2Fwp%2Fv2%2Fcomments&post=42864"}],"version-history":[{"count":1,"href":"https:\/\/plas.tv\/index.php?rest_route=\/wp\/v2\/posts\/42864\/revisions"}],"predecessor-version":[{"id":42866,"href":"https:\/\/plas.tv\/index.php?rest_route=\/wp\/v2\/posts\/42864\/revisions\/42866"}],"wp:featuredmedia":[{"embeddable":true,"href":"https:\/\/plas.tv\/index.php?rest_route=\/wp\/v2\/media\/42865"}],"wp:attachment":[{"href":"https:\/\/plas.tv\/index.php?rest_route=%2Fwp%2Fv2%2Fmedia&parent=42864"}],"wp:term":[{"taxonomy":"category","embeddable":true,"href":"https:\/\/plas.tv\/index.php?rest_route=%2Fwp%2Fv2%2Fcategories&post=42864"},{"taxonomy":"post_tag","embeddable":true,"href":"https:\/\/plas.tv\/index.php?rest_route=%2Fwp%2Fv2%2Ftags&post=42864"},{"taxonomy":"series","embeddable":true,"href":"https:\/\/plas.tv\/index.php?rest_route=%2Fwp%2Fv2%2Fseries&post=42864"}],"curies":[{"name":"wp","href":"https:\/\/api.w.org\/{rel}","templated":true}]}}