{"id":42870,"date":"2026-01-19T07:49:07","date_gmt":"2026-01-19T06:49:07","guid":{"rendered":"https:\/\/plas.tv\/?p=42870"},"modified":"2026-01-15T11:51:30","modified_gmt":"2026-01-15T10:51:30","slug":"neuer-ceo-bei-arburg","status":"publish","type":"post","link":"https:\/\/plas.tv\/?p=42870","title":{"rendered":"Neuer CEO bei Arburg"},"content":{"rendered":"<p><strong>Gesch\u00e4ftsf\u00fchrung neu aufgestellt<\/strong><\/p>\n<ul>\n<li><strong>Volker Nilles \u00fcbernimmt Vorsitz der Arburg-Gesch\u00e4ftsf\u00fchrung<\/strong><\/li>\n<li><strong>International erfahrener Manager mit ausgewiesener Expertise in Maschinenbau, Kunststoffverarbeitung und Transformation<\/strong><\/li>\n<li><strong>Familienunternehmen st\u00e4rkt F\u00fchrungsspitze und richtet sich strategisch f\u00fcr die Zukunft aus<\/strong><\/li>\n<\/ul>\n<p>Zum 12. Januar 2026 hat Dr. Volker Nilles den Vorsitz der Gesch\u00e4ftsf\u00fchrung von Arburg \u00fcbernommen. Mit der Berufung des neuen CEO besteht die F\u00fchrungsspitze des weltweit t\u00e4tigen Maschinenbauers mit Hauptsitz in Lo\u00dfburg nun aus sechs Personen. Neben Nilles geh\u00f6ren der Arburg Gesch\u00e4ftsf\u00fchrung die gesch\u00e4ftsf\u00fchrenden Gesellschafter Juliane Hehl (Global Marketing und Business Development) und Michael Hehl (Werksentwicklung) sowie die Gesch\u00e4ftsf\u00fchrer Tobias Baur (Vertrieb, After Sales), Guido Frohnhaus (Technik) und Steffen Kroner (Finanzen, Controlling, IT, Global HR) an.<\/p>\n<p>Dr. Volker Nilles bringt mehr als 30 Jahre F\u00fchrungserfahrung aus Maschinen- und Fahrzeugbau mit. Seine Laufbahn ist gepr\u00e4gt von internationalen Managementaufgaben mit spezifischen Erfahrungen aus den USA, China und Indien sowie generell einem klaren Fokus auf Transformation, Wachstum und nachhaltige Organisationsentwicklung.<strong>\u00a0<\/strong><\/p>\n<p><strong>Umfassende Management- und Branchenerfahrung<\/strong><\/p>\n<p>Nach seinem Studium des Maschinenbaus an der RWTH Aachen und der Promotion in Betriebswirtschaft an der TU M\u00fcnchen begann Nilles seine berufliche Laufbahn im Werkzeugmaschinenbau bei ThyssenKrupp, wo er Einkauf, Logistik und Produktion f\u00fcr insgesamt elf Werke weltweit verantwortete. Es folgten leitende Positionen als Werksleiter bei Bosch Rexroth sowie eine zehnj\u00e4hrige T\u00e4tigkeit als CEO der Kleemann GmbH, in der er die internationale Ausrichtung des Herstellers von Brech- und Siebanlagen ma\u00dfgeblich vorantrieb.<\/p>\n<p>Umfangreiche Erfahrungen in der Kunststoffverarbeitung erwarb Dr. Nilles bei der KraussMaffei Kunststofftechnik, wo er zuletzt als Executive Vice President New Machines sowie Mitglied des erweiterten Vorstands das globale Neumaschinengesch\u00e4ft verantwortete. Vor seinem Wechsel zu Arburg war er CEO der Humbaur GmbH, Europas gr\u00f6\u00dftem Hersteller von Pkw-Anh\u00e4ngern.<\/p>\n<p><strong>Klare Impulse f\u00fcr Wachstum und Zukunftssicherung<\/strong><\/p>\n<p>\u201eWir freuen uns, mit Dr. Nilles einen international erfahrenen Experten mit breitem Portfolio an Bord willkommen zu hei\u00dfen\u201c, freut sich der gesch\u00e4ftsf\u00fchrende Gesellschafter Michael Hehl. Und seine Schwester Juliane Hehl zeigt sich \u00fcberzeugt, dass die St\u00e4rkung der weltweit renommierten Marke \u201eArburg\u201c und der weitere Ausbau der globalen Marktpr\u00e4senz\u00a0Arburgs durch die Verpflichtung Nilles weitere Dynamik erh\u00e4lt.<\/p>\n<p>&nbsp;<\/p>\n","protected":false},"excerpt":{"rendered":"<p>Zum 12. Januar 2026 hat Dr. Volker Nilles den Vorsitz der Gesch\u00e4ftsf\u00fchrung von Arburg \u00fcbernommen. Mit der Berufung des neuen CEO besteht die&#8230;<\/p>\n","protected":false},"author":2,"featured_media":42871,"comment_status":"closed","ping_status":"closed","sticky":false,"template":"","format":"standard","meta":{"footnotes":""},"categories":[24,16],"tags":[],"series":[],"class_list":["post-42870","post","type-post","status-publish","format-standard","has-post-thumbnail","hentry","category-plas-tv-meldungen-auf-der-startseite-unterhalb-slider","category-plast-tv-textmeldungen"],"_links":{"self":[{"href":"https:\/\/plas.tv\/index.php?rest_route=\/wp\/v2\/posts\/42870","targetHints":{"allow":["GET"]}}],"collection":[{"href":"https:\/\/plas.tv\/index.php?rest_route=\/wp\/v2\/posts"}],"about":[{"href":"https:\/\/plas.tv\/index.php?rest_route=\/wp\/v2\/types\/post"}],"author":[{"embeddable":true,"href":"https:\/\/plas.tv\/index.php?rest_route=\/wp\/v2\/users\/2"}],"replies":[{"embeddable":true,"href":"https:\/\/plas.tv\/index.php?rest_route=%2Fwp%2Fv2%2Fcomments&post=42870"}],"version-history":[{"count":1,"href":"https:\/\/plas.tv\/index.php?rest_route=\/wp\/v2\/posts\/42870\/revisions"}],"predecessor-version":[{"id":42872,"href":"https:\/\/plas.tv\/index.php?rest_route=\/wp\/v2\/posts\/42870\/revisions\/42872"}],"wp:featuredmedia":[{"embeddable":true,"href":"https:\/\/plas.tv\/index.php?rest_route=\/wp\/v2\/media\/42871"}],"wp:attachment":[{"href":"https:\/\/plas.tv\/index.php?rest_route=%2Fwp%2Fv2%2Fmedia&parent=42870"}],"wp:term":[{"taxonomy":"category","embeddable":true,"href":"https:\/\/plas.tv\/index.php?rest_route=%2Fwp%2Fv2%2Fcategories&post=42870"},{"taxonomy":"post_tag","embeddable":true,"href":"https:\/\/plas.tv\/index.php?rest_route=%2Fwp%2Fv2%2Ftags&post=42870"},{"taxonomy":"series","embeddable":true,"href":"https:\/\/plas.tv\/index.php?rest_route=%2Fwp%2Fv2%2Fseries&post=42870"}],"curies":[{"name":"wp","href":"https:\/\/api.w.org\/{rel}","templated":true}]}}