{"id":42882,"date":"2026-01-21T07:05:07","date_gmt":"2026-01-21T06:05:07","guid":{"rendered":"https:\/\/plas.tv\/?p=42882"},"modified":"2026-01-15T12:07:09","modified_gmt":"2026-01-15T11:07:09","slug":"imccon-2026-die-plattform-fuer-wissenstransfer-und-networking-rund-um-inmould-coating","status":"publish","type":"post","link":"https:\/\/plas.tv\/?p=42882","title":{"rendered":"IMCcon 2026 \u2013 Die Plattform f\u00fcr Wissenstransfer und Networking rund um InMould Coating"},"content":{"rendered":"<p>Am 24. Und 25.02.2026 l\u00e4dt das Kunststoff-Institut L\u00fcdenscheid zu den Fokustagen IMCcon 2026 ein. Die zweit\u00e4gige Veranstaltung konzentriert sich auf die Technologie des InMould Coatings (IMC) und bietet eine Plattform f\u00fcr den Austausch von Wissen und Erfahrungen zwischen Material- und Anlagenherstellern sowie Anwendern und ist sowohl f\u00fcr Teilnehmende, die gerade erst in die Welt des InMould Coatings eintauchen, wie auch f\u00fcr die, die bereits aktiv an der Weiterentwicklung beteiligt sind der ideale Ort, um Impulse zu erhalten, Wissen zu vertiefen und Netzwerke zu erweitern.<strong>\u00a0<\/strong><\/p>\n<p>Die IMCcon 2026 bietet die perfekte Gelegenheit, sich umfassend \u00fcber die vielf\u00e4ltigen M\u00f6glichkeiten und aktuellen Entwicklungen im Bereich InMould Coating (IMC) zu informieren. Die Veranstaltung richtet sich an alle, die ihr Wissen auf den neuesten Stand bringen m\u00f6chten \u2013 von Neueinsteigern \u00fcber erfahrene Anwender bis hin zu den Gestaltern der Technologie von morgen.<\/p>\n<p>Im Rahmen der Fokustage werden den Teilnehmenden am 24. + 25. Februar 2026 spannende Fachvortr\u00e4ge von renommierten Material- und Anlagenherstellern sowie f\u00fchrenden Anwendern der IMC-Technologie geboten. Die Referenten geben Einblicke in die umfangreichen Einsatzgebiete und beleuchten praxisnah die individuellen Herausforderungen, die sich in der Anwendung ergeben.<\/p>\n<p>Neben den Vortr\u00e4gen bietet die begleitende Fachausstellung die M\u00f6glichkeit, innovative L\u00f6sungen und Produkte direkt zu erleben. Hier k\u00f6nnen Sie sich mit Experten austauschen, konkrete Fragen kl\u00e4ren und wertvolle Kontakte kn\u00fcpfen. Ob die Teilnehmenden gerade erst in die Welt des InMould Coatings eintauchen oder bereits aktiv an der Weiterentwicklung beteiligt sind \u2013 die IMCcon 2026 ist der ideale Ort, um Impulse zu erhalten, Wissen zu vertiefen und Netzwerke zu erweitern.<\/p>\n","protected":false},"excerpt":{"rendered":"<p>Am 24. Und 25.02.2026 l\u00e4dt das Kunststoff-Institut L\u00fcdenscheid zu den Fokustagen IMCcon 2026 ein. Die zweit\u00e4gige Veranstaltung konzentriert&#8230;<\/p>\n","protected":false},"author":2,"featured_media":42883,"comment_status":"closed","ping_status":"closed","sticky":false,"template":"","format":"standard","meta":{"footnotes":""},"categories":[24,16],"tags":[],"series":[],"class_list":["post-42882","post","type-post","status-publish","format-standard","has-post-thumbnail","hentry","category-plas-tv-meldungen-auf-der-startseite-unterhalb-slider","category-plast-tv-textmeldungen"],"_links":{"self":[{"href":"https:\/\/plas.tv\/index.php?rest_route=\/wp\/v2\/posts\/42882","targetHints":{"allow":["GET"]}}],"collection":[{"href":"https:\/\/plas.tv\/index.php?rest_route=\/wp\/v2\/posts"}],"about":[{"href":"https:\/\/plas.tv\/index.php?rest_route=\/wp\/v2\/types\/post"}],"author":[{"embeddable":true,"href":"https:\/\/plas.tv\/index.php?rest_route=\/wp\/v2\/users\/2"}],"replies":[{"embeddable":true,"href":"https:\/\/plas.tv\/index.php?rest_route=%2Fwp%2Fv2%2Fcomments&post=42882"}],"version-history":[{"count":1,"href":"https:\/\/plas.tv\/index.php?rest_route=\/wp\/v2\/posts\/42882\/revisions"}],"predecessor-version":[{"id":42884,"href":"https:\/\/plas.tv\/index.php?rest_route=\/wp\/v2\/posts\/42882\/revisions\/42884"}],"wp:featuredmedia":[{"embeddable":true,"href":"https:\/\/plas.tv\/index.php?rest_route=\/wp\/v2\/media\/42883"}],"wp:attachment":[{"href":"https:\/\/plas.tv\/index.php?rest_route=%2Fwp%2Fv2%2Fmedia&parent=42882"}],"wp:term":[{"taxonomy":"category","embeddable":true,"href":"https:\/\/plas.tv\/index.php?rest_route=%2Fwp%2Fv2%2Fcategories&post=42882"},{"taxonomy":"post_tag","embeddable":true,"href":"https:\/\/plas.tv\/index.php?rest_route=%2Fwp%2Fv2%2Ftags&post=42882"},{"taxonomy":"series","embeddable":true,"href":"https:\/\/plas.tv\/index.php?rest_route=%2Fwp%2Fv2%2Fseries&post=42882"}],"curies":[{"name":"wp","href":"https:\/\/api.w.org\/{rel}","templated":true}]}}