{"id":42885,"date":"2026-01-22T07:07:17","date_gmt":"2026-01-22T06:07:17","guid":{"rendered":"https:\/\/plas.tv\/?p=42885"},"modified":"2026-01-15T12:09:10","modified_gmt":"2026-01-15T11:09:10","slug":"avk-innovationspreis-2026-einreichungen-ab-sofort-moeglich","status":"publish","type":"post","link":"https:\/\/plas.tv\/?p=42885","title":{"rendered":"AVK-Innovationspreis 2026 \u2013 Einreichungen ab sofort m\u00f6glich"},"content":{"rendered":"<p>Die AVK \u2013 Industrievereinigung Verst\u00e4rkte Kunststoffe e. V. ruft zur Bewerbung f\u00fcr den renommierten AVK-Innovationspreis 2026 auf. Gesucht werden herausragende Innovationen aus dem Bereich Faserverst\u00e4rkte Kunststoffe (FVK) \/ Composites in folgenden Kategorien:<b><\/b><\/p>\n<ul>\n<li aria-level=\"1\"><b>Innovative Produkte\/Bauteile bzw. Anwendungen<\/b><\/li>\n<\/ul>\n<ul>\n<li aria-level=\"1\"><b>Innovative Prozesse bzw. Verfahren<\/b><\/li>\n<\/ul>\n<ul>\n<li aria-level=\"1\"><b>Forschung und Wissenschaft\u00a0<\/b><\/li>\n<\/ul>\n<p>Ziel des AVK-Innovationspreises ist es, zukunftsweisende Produkte, Bauteile und Anwendungen aus FVK ebenso zu f\u00f6rdern wie innovative Herstellungsverfahren und Prozesse. Ein weiterer Schwerpunkt liegt auf der Auszeichnung exzellenter wissenschaftlicher Arbeiten aus Universit\u00e4ten, Hochschulen und Forschungsinstituten.<\/p>\n<p>In allen Kategorien spielt das Thema Nachhaltigkeit eine zentrale Rolle. Pr\u00e4miert werden nicht nur die Innovationen selbst, sondern auch die dahinterstehenden Unternehmen und Institutionen. Damit m\u00f6chte die AVK die Leistungsf\u00e4higkeit, Innovationskraft und Zukunftsf\u00e4higkeit der gesamten Composites-Industrie sichtbar machen.<\/p>\n<p>Die Bewertung der Einreichungen erfolgt durch eine hochkar\u00e4tig besetzte Jury aus ausgewiesenen Expertinnen und Experten der Composites-Branche.<\/p>\n<p>Der Einsendeschluss f\u00fcr die Bewerbungsunterlagen ist der <b>27. M\u00e4rz 2026.<\/b> N\u00e4here Angaben und Bewertungskriterien finden Sie unter:<\/p>\n<p><a href=\"https:\/\/www.avk-tv.de\/services\/innovationspreis\/\">https:\/\/www.avk-tv.de\/services\/innovationspreis\/<\/a><\/p>\n<p>Die feierliche Preisverleihung findet am 20. Oktober 2026 im Rahmen des JEC Forum DACH in K\u00f6ln (20.-21.10.2026) statt.<\/p>\n","protected":false},"excerpt":{"rendered":"<p>Die AVK \u2013 Industrievereinigung Verst\u00e4rkte Kunststoffe e. V. ruft zur Bewerbung f\u00fcr den renommierten AVK-Innovationspreis 2026 auf&#8230;<\/p>\n","protected":false},"author":2,"featured_media":29882,"comment_status":"closed","ping_status":"closed","sticky":false,"template":"","format":"standard","meta":{"footnotes":""},"categories":[24,16],"tags":[],"series":[],"class_list":["post-42885","post","type-post","status-publish","format-standard","has-post-thumbnail","hentry","category-plas-tv-meldungen-auf-der-startseite-unterhalb-slider","category-plast-tv-textmeldungen"],"_links":{"self":[{"href":"https:\/\/plas.tv\/index.php?rest_route=\/wp\/v2\/posts\/42885","targetHints":{"allow":["GET"]}}],"collection":[{"href":"https:\/\/plas.tv\/index.php?rest_route=\/wp\/v2\/posts"}],"about":[{"href":"https:\/\/plas.tv\/index.php?rest_route=\/wp\/v2\/types\/post"}],"author":[{"embeddable":true,"href":"https:\/\/plas.tv\/index.php?rest_route=\/wp\/v2\/users\/2"}],"replies":[{"embeddable":true,"href":"https:\/\/plas.tv\/index.php?rest_route=%2Fwp%2Fv2%2Fcomments&post=42885"}],"version-history":[{"count":1,"href":"https:\/\/plas.tv\/index.php?rest_route=\/wp\/v2\/posts\/42885\/revisions"}],"predecessor-version":[{"id":42886,"href":"https:\/\/plas.tv\/index.php?rest_route=\/wp\/v2\/posts\/42885\/revisions\/42886"}],"wp:featuredmedia":[{"embeddable":true,"href":"https:\/\/plas.tv\/index.php?rest_route=\/wp\/v2\/media\/29882"}],"wp:attachment":[{"href":"https:\/\/plas.tv\/index.php?rest_route=%2Fwp%2Fv2%2Fmedia&parent=42885"}],"wp:term":[{"taxonomy":"category","embeddable":true,"href":"https:\/\/plas.tv\/index.php?rest_route=%2Fwp%2Fv2%2Fcategories&post=42885"},{"taxonomy":"post_tag","embeddable":true,"href":"https:\/\/plas.tv\/index.php?rest_route=%2Fwp%2Fv2%2Ftags&post=42885"},{"taxonomy":"series","embeddable":true,"href":"https:\/\/plas.tv\/index.php?rest_route=%2Fwp%2Fv2%2Fseries&post=42885"}],"curies":[{"name":"wp","href":"https:\/\/api.w.org\/{rel}","templated":true}]}}