{"id":42890,"date":"2026-01-22T07:12:10","date_gmt":"2026-01-22T06:12:10","guid":{"rendered":"https:\/\/plas.tv\/?p=42890"},"modified":"2026-01-15T12:13:53","modified_gmt":"2026-01-15T11:13:53","slug":"stabiles-geschaeftsjahr-2025-alpla-erzielt-52-milliarden-euro-umsatz","status":"publish","type":"post","link":"https:\/\/plas.tv\/?p=42890","title":{"rendered":"Stabiles Gesch\u00e4ftsjahr 2025: ALPLA erzielt 5,2 Milliarden Euro Umsatz"},"content":{"rendered":"<div>\n<p><strong>Verpackungs- und Recyclingspezialist setzt auf Technologievorsprung und Kundenfokus<\/strong><\/p>\n<p><em><span class=\"caps\">ALPLA<\/span> blickt trotz schwieriger globaler Wirtschaftslage auf ein erfolgreiches Gesch\u00e4ftsjahr 2025 zur\u00fcck. Mit einem Umsatz von 5,2 Milliarden Euro bleibt der Verpackungs- und Recyclingspezialist auf Wachstumskurs. Strategische strukturelle Weichenstellungen und Investitionen sichern die f\u00fchrende Rolle des Unternehmens. Der Personalstand stieg auf rund 25.500 MitarbeiterInnen, die Anzahl der Standorte auf 206. Starke Resultate erzielte <span class=\"caps\">ALPLA<\/span> in Nord- und S\u00fcdamerika sowie im Bereich <span class=\"caps\">EBM<\/span> (Extrusionsblasformen). Ambitionierte neue Recyclingziele bis 2030 unterstreichen das Bekenntnis zur Kreislaufwirtschaft.\u00a0<\/em><\/p>\n<p><span class=\"caps\">ALPLA<\/span> beliefert internationale Konsumg\u00fctermarken und lokale Kunden mit sicheren, leistbaren und nachhaltigen Verpackungsl\u00f6sungen aus Kunststoff. Das 1955 gegr\u00fcndete Familienunternehmen ist auch in wirtschaftlich herausfordernden Zeiten ein zuverl\u00e4ssiger und innovativer Partner. Mit einem Umsatz von 5,2 Milliarden Euro (2024: 4,9 Milliarden Euro) hat der Verpackungs- und Recyclingspezialist das Gesch\u00e4ftsjahr 2025 soeben erfolgreich abgeschlossen. Beim Personalstand und der Standortanzahl verzeichnete <span class=\"caps\">ALPLA<\/span> ein Plus auf rund 25.500 MitarbeiterInnen bzw. 206\u00a0Werke.<\/p>\n<p>Die stabile Entwicklung im 70. Firmenjahr f\u00fchrt <span class=\"caps\">CCO<\/span> Nicolas Lehner unter anderem auf langfristige strategische Weichenstellungen, gezielten Investitionen und risikobedachte Planung zur\u00fcck: \u201eWachstumsm\u00e4rkte k\u00f6nnen sich drehen, Nachfragen schwanken und Kosten steigen. Das haben wir 2025 vor allem im Getr\u00e4nkemarkt und im Recycling erlebt \u2013 und es trifft die gesamte Branche schmerzlich. Umso wichtiger sind ein klarer Plan und Fokus auf den Kundennutzen. Beides treiben wir bei <span class=\"caps\">ALPLA<\/span> konsequent\u00a0voran.\u201c<\/p>\n<p><strong>Aufschwung in Amerika, Westeuropa unter\u00a0Druck<br \/>\n<\/strong>Positiv sind die Gesch\u00e4ftsentwicklungen in Nord- und S\u00fcdamerika sowie die starken Resultate im Bereich Extrusionsblasformen (<span class=\"caps\">EBM<\/span>). \u201eDer Markt w\u00e4chst wieder und wir sind bestens vorbereitet. Dazu haben wir in den vergangenen Jahren die richtigen Schritte gesetzt: Wir haben unsere Effizienz gesteigert, Beziehungen gepflegt, das Angebot diversifiziert und Fachkr\u00e4fte entwickelt\u201c, betont Lehner. Gleichzeitig stehen die Margen branchenweit unter Druck, was auf gestiegene Kosten und eine schwache Nachfrage, insbesondere in Westeuropa, zur\u00fcckzuf\u00fchren ist.<\/p>\n<p>Investitionen in Standorte und Technologien, der Aufbau des Ausbildungswesens in den <span class=\"caps\">USA<\/span> sowie der Einstieg ins s\u00fcdamerikanische Recycling f\u00f6rderten den nachhaltigen Aufschwung. Auf globaler Ebene wurde die Spritzguss-Division ALPLAinject 2025 um die sechs Standorte von <span class=\"caps\">KM<\/span> Packaging verst\u00e4rkt. ALPLApharma hat sich mit deutlich gesteigerter Pr\u00e4senz am Markt f\u00fcr pharmazeutische Verpackungen etabliert. Chancen f\u00fcr die Zukunft rechnet sich <span class=\"caps\">ALPLA<\/span> bei faserbasierten L\u00f6sungen von Paboco und Blue Ocean Closures (<span class=\"caps\">BOC<\/span>)\u00a0aus.<\/p>\n<p><strong>Pionier f\u00fcr Recycling<br \/>\n<\/strong>Die Division ALPLArecycling blickt auf ein durchwachsenes Jahr zur\u00fcck \u2013 nicht zuletzt aufgrund regulatorischer Prozesse in der <span class=\"caps\">EU<\/span> und der anhaltenden Preisproblematik. \u201eNeuware ist um ein Vielfaches g\u00fcnstiger als Recyclingmaterial. W\u00e4hrend die Nachfrage sinkt und die Kosten steigen, w\u00e4chst die Gefahr von minderwertigen Importen aus Drittstaaten. Wenn die <span class=\"caps\">EU<\/span> nicht gegensteuert, wird die <span class=\"caps\">PPWR<\/span> zum Eigentor\u201c, warnt Lehner. <span class=\"caps\">ALPLA<\/span> setzt sich gemeinsam mit anderen Industriebetrieben f\u00fcr faire Bedingungen ein.<\/p>\n<p>Mit neuen Recyclingzielen bis 2030 will <span class=\"caps\">ALPLA<\/span> trotz der Herausforderungen am Recyclingmarkt auch k\u00fcnftig die Pionierrolle in der Kreislaufwirtschaft verteidigen. Innovative Projekte wie die k\u00fcrzlich mit <span class=\"caps\">NTCP<\/span> in den Niederlanden gestartete Kooperation f\u00fcr die Herstellung von lebensmitteltauglichem HDPE-Recyclingmaterial geben die Richtung vor. Der Anteil an Post-Consumer-Recyclingmaterial (<span class=\"caps\">PCR<\/span>) soll bis 2030 auf 30 Prozent gesteigert werden. Dazu erweitert <span class=\"caps\">ALPLA<\/span> die derzeit installierte und projektierte Output-Kapazit\u00e4t von 400.000 auf 700.000 Tonnen. Ab 2026 flie\u00dfen 15 Millionen Euro j\u00e4hrlich ins Recycling.<\/p>\n<\/div>\n","protected":false},"excerpt":{"rendered":"<p>ALPLA blickt trotz schwieriger globaler Wirtschaftslage auf ein erfolgreiches Gesch\u00e4ftsjahr 2025 zur\u00fcck. Mit einem Umsatz von 5,2 Milliarden Euro bleibt&#8230;<\/p>\n","protected":false},"author":2,"featured_media":42891,"comment_status":"closed","ping_status":"closed","sticky":false,"template":"","format":"standard","meta":{"footnotes":""},"categories":[24,16],"tags":[],"series":[],"class_list":["post-42890","post","type-post","status-publish","format-standard","has-post-thumbnail","hentry","category-plas-tv-meldungen-auf-der-startseite-unterhalb-slider","category-plast-tv-textmeldungen"],"_links":{"self":[{"href":"https:\/\/plas.tv\/index.php?rest_route=\/wp\/v2\/posts\/42890","targetHints":{"allow":["GET"]}}],"collection":[{"href":"https:\/\/plas.tv\/index.php?rest_route=\/wp\/v2\/posts"}],"about":[{"href":"https:\/\/plas.tv\/index.php?rest_route=\/wp\/v2\/types\/post"}],"author":[{"embeddable":true,"href":"https:\/\/plas.tv\/index.php?rest_route=\/wp\/v2\/users\/2"}],"replies":[{"embeddable":true,"href":"https:\/\/plas.tv\/index.php?rest_route=%2Fwp%2Fv2%2Fcomments&post=42890"}],"version-history":[{"count":1,"href":"https:\/\/plas.tv\/index.php?rest_route=\/wp\/v2\/posts\/42890\/revisions"}],"predecessor-version":[{"id":42892,"href":"https:\/\/plas.tv\/index.php?rest_route=\/wp\/v2\/posts\/42890\/revisions\/42892"}],"wp:featuredmedia":[{"embeddable":true,"href":"https:\/\/plas.tv\/index.php?rest_route=\/wp\/v2\/media\/42891"}],"wp:attachment":[{"href":"https:\/\/plas.tv\/index.php?rest_route=%2Fwp%2Fv2%2Fmedia&parent=42890"}],"wp:term":[{"taxonomy":"category","embeddable":true,"href":"https:\/\/plas.tv\/index.php?rest_route=%2Fwp%2Fv2%2Fcategories&post=42890"},{"taxonomy":"post_tag","embeddable":true,"href":"https:\/\/plas.tv\/index.php?rest_route=%2Fwp%2Fv2%2Ftags&post=42890"},{"taxonomy":"series","embeddable":true,"href":"https:\/\/plas.tv\/index.php?rest_route=%2Fwp%2Fv2%2Fseries&post=42890"}],"curies":[{"name":"wp","href":"https:\/\/api.w.org\/{rel}","templated":true}]}}