{"id":42893,"date":"2026-01-23T07:13:59","date_gmt":"2026-01-23T06:13:59","guid":{"rendered":"https:\/\/plas.tv\/?p=42893"},"modified":"2026-01-15T12:15:46","modified_gmt":"2026-01-15T11:15:46","slug":"raumedic-erweitert-vorstand-bianca-holler-wird-chief-human-resources-officer","status":"publish","type":"post","link":"https:\/\/plas.tv\/?p=42893","title":{"rendered":"RAUMEDIC erweitert Vorstand: Bianca Holler wird Chief Human Resources Officer"},"content":{"rendered":"<p>Die RAUMEDIC AG hat Bianca Holler zum 1. Januar 2026 als Chief Human Resources Officer (CHRO) in den Vorstand berufen. Mit der Erweiterung des F\u00fchrungsgremiums um eine eigenst\u00e4ndige Vorstandsposition f\u00fcr Personal unterstreicht das Medizin- und Pharmatechnikunternehmen die strategische Bedeutung seiner Mitarbeitenden f\u00fcr den nachhaltigen Unternehmenserfolg.<br \/>\n<em><span style=\"font-family: 'Calibri',sans-serif;\">\u201eMit der Erweiterung des Vorstands um eine eigenst\u00e4ndige CHRO-Position verankern wir die strategische Bedeutung unserer Mitarbeitenden auch strukturell auf h\u00f6chster Ebene&#8221;, erkl\u00e4rt J\u00fcrgen Werner, Vorsitzender des Aufsichtsrats. \u201eUnser Vorstandsteam hat sich im vergangenen Jahr hervorragend bew\u00e4hrt. Mit Bianca Holler st\u00e4rken wir es weiter und setzen ein klares Signal: Unsere Mitarbeitenden sind der Schl\u00fcssel zum Erfolg von RAUMEDIC.&#8221;<\/span><\/em><\/p>\n<p><strong><span style=\"font-family: 'Calibri',sans-serif;\">Strategische HR-Projekte erfolgreich vorangetrieben<\/span><\/strong><b><br \/>\n<\/b>Bianca Holler ist seit Mai 2023 Teil von RAUMEDIC und hat in ihrer bisherigen Funktion als Global Vice President Human Resources bereits ma\u00dfgeblich zur strategischen Weiterentwicklung der Personalarbeit beigetragen. Unter ihrer Verantwortung hat RAUMEDIC die Personalarbeit strategisch neu aufgestellt: von der Modernisierung der Leistungsbeurteilung \u00fcber die Weiterentwicklung der F\u00fchrungskultur bis hin zur systematischen Messung und Verbesserung der Mitarbeiterzufriedenheit.<br \/>\n<em><span style=\"font-family: 'Calibri',sans-serif;\">\u201eIn meiner neuen Rolle als CHRO m\u00f6chte ich dazu beitragen, dass wir die richtigen Rahmenbedingungen schaffen, um weiterhin eine Kultur zu leben, in der Menschen ihr volles Potenzial entfalten k\u00f6nnen&#8221;, sagt Bianca Holler.<\/span><\/em><\/p>\n<p><strong><span style=\"font-family: 'Calibri',sans-serif;\">Mehr als 20 Jahre Erfahrung in der Medizintechnik<\/span><\/strong><b><br \/>\n<\/b>Holler verf\u00fcgt \u00fcber mehr als 20 Jahre Erfahrung im Bereich Human Resources in der Medizintechnikbranche. Vor ihrem Wechsel zu RAUMEDIC war sie bei Ottobock als Head of Global HR t\u00e4tig und verantwortete dort die weltweite Personalarbeit sowie nachhaltige Kultur- und Entwicklungsprojekte.<\/p>\n<p>Ab dem 1. Januar 2026 besteht der Vorstand der RAUMEDIC AG aus vier gleichberechtigten Mitgliedern: Bianca Holler (CHRO), Thomas Knechtel (CTO), Klaus Schabert (COO) und Dr. Robert Schilling (CFO).<\/p>\n","protected":false},"excerpt":{"rendered":"<p>Die RAUMEDIC AG hat Bianca Holler zum 1. Januar 2026 als Chief Human Resources Officer in den Vorstand berufen. Mit der Erweiterung&#8230;<\/p>\n","protected":false},"author":2,"featured_media":42894,"comment_status":"closed","ping_status":"closed","sticky":false,"template":"","format":"standard","meta":{"footnotes":""},"categories":[24,16],"tags":[],"series":[],"class_list":["post-42893","post","type-post","status-publish","format-standard","has-post-thumbnail","hentry","category-plas-tv-meldungen-auf-der-startseite-unterhalb-slider","category-plast-tv-textmeldungen"],"_links":{"self":[{"href":"https:\/\/plas.tv\/index.php?rest_route=\/wp\/v2\/posts\/42893","targetHints":{"allow":["GET"]}}],"collection":[{"href":"https:\/\/plas.tv\/index.php?rest_route=\/wp\/v2\/posts"}],"about":[{"href":"https:\/\/plas.tv\/index.php?rest_route=\/wp\/v2\/types\/post"}],"author":[{"embeddable":true,"href":"https:\/\/plas.tv\/index.php?rest_route=\/wp\/v2\/users\/2"}],"replies":[{"embeddable":true,"href":"https:\/\/plas.tv\/index.php?rest_route=%2Fwp%2Fv2%2Fcomments&post=42893"}],"version-history":[{"count":1,"href":"https:\/\/plas.tv\/index.php?rest_route=\/wp\/v2\/posts\/42893\/revisions"}],"predecessor-version":[{"id":42895,"href":"https:\/\/plas.tv\/index.php?rest_route=\/wp\/v2\/posts\/42893\/revisions\/42895"}],"wp:featuredmedia":[{"embeddable":true,"href":"https:\/\/plas.tv\/index.php?rest_route=\/wp\/v2\/media\/42894"}],"wp:attachment":[{"href":"https:\/\/plas.tv\/index.php?rest_route=%2Fwp%2Fv2%2Fmedia&parent=42893"}],"wp:term":[{"taxonomy":"category","embeddable":true,"href":"https:\/\/plas.tv\/index.php?rest_route=%2Fwp%2Fv2%2Fcategories&post=42893"},{"taxonomy":"post_tag","embeddable":true,"href":"https:\/\/plas.tv\/index.php?rest_route=%2Fwp%2Fv2%2Ftags&post=42893"},{"taxonomy":"series","embeddable":true,"href":"https:\/\/plas.tv\/index.php?rest_route=%2Fwp%2Fv2%2Fseries&post=42893"}],"curies":[{"name":"wp","href":"https:\/\/api.w.org\/{rel}","templated":true}]}}