{"id":42932,"date":"2026-01-29T07:15:05","date_gmt":"2026-01-29T06:15:05","guid":{"rendered":"https:\/\/plas.tv\/?p=42932"},"modified":"2026-01-22T10:18:21","modified_gmt":"2026-01-22T09:18:21","slug":"wechsel-der-geschaeftsfuehrung-bei-sonotronic","status":"publish","type":"post","link":"https:\/\/plas.tv\/?p=42932","title":{"rendered":"Wechsel der Gesch\u00e4ftsf\u00fchrung bei SONOTRONIC"},"content":{"rendered":"<p>Die SONOTRONIC GmbH, Spezialist f\u00fcr Ultraschalltechnologie im Standard- und Sondermaschinenbau mit Sitz in Karlsbad, stellt ihre Gesch\u00e4ftsf\u00fchrung zum 1. Januar 2026 neu auf. Marc H\u00e4gele, langj\u00e4hriger Vertriebs- und Technikexperte des Unternehmens, und Yongwu Chen, mit umfassender internationaler F\u00fchrungserfahrung, \u00fcbernehmen gemeinsam die Verantwortung f\u00fcr die strategische Weiterentwicklung des Unternehmens.<\/p>\n<ul>\n<li>Yongwu Chen war bereits zuvor als Gesch\u00e4ftsf\u00fchrer bei SONOTRONIC t\u00e4tig und bringt umfassende Erfahrung in der Unternehmenssteuerung sowie im Management internationaler Strukturen mit. In seiner neuen Rolle verantwortet er die Bereiche Finance &amp; Controlling, Human Resources, IT und Qualit\u00e4t.<\/li>\n<li><a class=\"\" href=\"https:\/\/sonotronic.de\/media\/filer_public\/f6\/a7\/f6a7ee3e-37f8-46f2-a275-d077d36a4b55\/marc_hagele.vcf\" target=\"_blank\" rel=\"noopener\">Marc H\u00e4gele<\/a> ist seit 2001 im Unternehmen und war zuletzt als Deputy General Manager &amp; Chief Sales Officer t\u00e4tig. Als Sprecher der Gesch\u00e4ftsf\u00fchrung \u00fcbernimmt er die Verantwortung f\u00fcr Produktion, Beschaffung, Engineering, Entwicklung und Vertrieb. Seine langj\u00e4hrige Expertise im Vertrieb und in der Gesch\u00e4ftsentwicklung sowie sein tiefgehendes Technologie- und Anwendungswissen im Bereich Ultraschalltechnologie bilden eine zentrale Grundlage f\u00fcr die zuk\u00fcnftige Ausrichtung des Unternehmens.<\/li>\n<\/ul>\n<p>Neben der SONOTRONIC GmbH tragen die beiden Gesch\u00e4ftsf\u00fchrer auch die Verantwortung f\u00fcr die internationalen Tochtergesellschaften <a class=\"\" href=\"https:\/\/sonotronic.de\/de\/standorte-weltweit\/\" target=\"_blank\" rel=\"noopener\">SONOTRONIC IBERICA S.L.<\/a> (Spanien) und <a class=\"\" href=\"https:\/\/sonotronic.de\/de\/standorte-weltweit\/\" target=\"_blank\" rel=\"noopener\">SONOTRONIC Inc.<\/a> (USA). Damit wird die internationale Ausrichtung der Unternehmensgruppe weiter gest\u00e4rkt.<\/p>\n<p>Seit August 2023 ist SONOTRONIC Teil der D\u00fcrkopp Adler Group (DA Group), die zur international agierenden Shang Gong Group (SGG) geh\u00f6rt. Diese Einbindung sichert dem Unternehmen nach einer Phase der Sanierung und Neuausrichtung eine stabile Marktposition, einen gesicherten Standort sowie den Zugang zu einem internationalen Netzwerk. SONOTRONIC entwickelt und produziert hochpr\u00e4zise Ultraschallmaschinen und -systeme, die weltweit in den Branchen <a class=\"\" href=\"https:\/\/sonotronic.de\/de\/branchen\/plastics\/\" target=\"_blank\" rel=\"noopener\">Kunststoffverarbeitung<\/a>, <a class=\"\" href=\"https:\/\/sonotronic.de\/de\/branchen\/technical-textiles\/\" target=\"_blank\" rel=\"noopener\">technische Textilien<\/a>, <a class=\"\" href=\"https:\/\/sonotronic.de\/de\/branchen\/packaging-food\/\" target=\"_blank\" rel=\"noopener\">Verpackung<\/a> und Lebensmittelindustrie zum Einsatz kommen. Effizienz, Energieeinsparung und Nachhaltigkeit stehen dabei im Fokus.<\/p>\n<p>SONOTRONIC bedankt sich bei der bisherigen Gesch\u00e4ftsf\u00fchrung unter Dr. Frank Meyer und Jing Fan f\u00fcr die engagierte und erfolgreiche Arbeit. Mit der erfahrenen Doppelspitze richtet das Unternehmen den Blick klar nach vorn: Innovative Projekte, technologische Weiterentwicklungen sowie eine enge, partnerschaftliche Zusammenarbeit mit Kunden und internationalen Standorten stehen dabei im Mittelpunkt.<\/p>\n<p>Bild von links: Marc H\u00e4gele (Sprecher der Gesch\u00e4ftsf\u00fchrung), Yongwu Chen, Jing Fan, Dr. Frank Meyer<\/p>\n","protected":false},"excerpt":{"rendered":"<p>Die SONOTRONIC GmbH, Spezialist f\u00fcr Ultraschalltechnologie im Standard- und Sondermaschinenbau mit Sitz in Karlsbad, stellt ihre Gesch\u00e4ftsf\u00fchrung&#8230;<\/p>\n","protected":false},"author":2,"featured_media":42933,"comment_status":"closed","ping_status":"closed","sticky":false,"template":"","format":"standard","meta":{"footnotes":""},"categories":[24,16],"tags":[],"series":[],"class_list":["post-42932","post","type-post","status-publish","format-standard","has-post-thumbnail","hentry","category-plas-tv-meldungen-auf-der-startseite-unterhalb-slider","category-plast-tv-textmeldungen"],"_links":{"self":[{"href":"https:\/\/plas.tv\/index.php?rest_route=\/wp\/v2\/posts\/42932","targetHints":{"allow":["GET"]}}],"collection":[{"href":"https:\/\/plas.tv\/index.php?rest_route=\/wp\/v2\/posts"}],"about":[{"href":"https:\/\/plas.tv\/index.php?rest_route=\/wp\/v2\/types\/post"}],"author":[{"embeddable":true,"href":"https:\/\/plas.tv\/index.php?rest_route=\/wp\/v2\/users\/2"}],"replies":[{"embeddable":true,"href":"https:\/\/plas.tv\/index.php?rest_route=%2Fwp%2Fv2%2Fcomments&post=42932"}],"version-history":[{"count":1,"href":"https:\/\/plas.tv\/index.php?rest_route=\/wp\/v2\/posts\/42932\/revisions"}],"predecessor-version":[{"id":42934,"href":"https:\/\/plas.tv\/index.php?rest_route=\/wp\/v2\/posts\/42932\/revisions\/42934"}],"wp:featuredmedia":[{"embeddable":true,"href":"https:\/\/plas.tv\/index.php?rest_route=\/wp\/v2\/media\/42933"}],"wp:attachment":[{"href":"https:\/\/plas.tv\/index.php?rest_route=%2Fwp%2Fv2%2Fmedia&parent=42932"}],"wp:term":[{"taxonomy":"category","embeddable":true,"href":"https:\/\/plas.tv\/index.php?rest_route=%2Fwp%2Fv2%2Fcategories&post=42932"},{"taxonomy":"post_tag","embeddable":true,"href":"https:\/\/plas.tv\/index.php?rest_route=%2Fwp%2Fv2%2Ftags&post=42932"},{"taxonomy":"series","embeddable":true,"href":"https:\/\/plas.tv\/index.php?rest_route=%2Fwp%2Fv2%2Fseries&post=42932"}],"curies":[{"name":"wp","href":"https:\/\/api.w.org\/{rel}","templated":true}]}}