{"id":42971,"date":"2026-02-04T07:35:44","date_gmt":"2026-02-04T06:35:44","guid":{"rendered":"https:\/\/plas.tv\/?p=42971"},"modified":"2026-01-29T11:41:00","modified_gmt":"2026-01-29T10:41:00","slug":"perlen-industrieholding-ag-erreicht-erste-meilensteine-in-der-transformation-zu-einem-diversifizierten-industrieunternehmen","status":"publish","type":"post","link":"https:\/\/plas.tv\/?p=42971","title":{"rendered":"Perlen Industrieholding AG erreicht erste Meilensteine in der Transformation zu einem diversifizierten Industrieunternehmen"},"content":{"rendered":"<p><strong>Die Perlen Industrieholding AG treibt den strategischen Umbau von der traditionellen Papierproduzentin hin zu einem zukunftsorientierten, diversifizierten Industrieunternehmen konsequent voran. Mit Fortschritten in Produktinnovation, dem Einstieg in den Faserguss als komplement\u00e4res Gesch\u00e4ftsfeld sowie in der Arealentwicklung erreicht das Unternehmen nun erste Meilensteine in der Transformationsphase. <\/strong><\/p>\n<p>Nach der Optimierung der Produktionskosten und einer durchgef\u00fchrten Restrukturierung in der zweiten Jahresh\u00e4lfte 2025 zur St\u00e4rkung der Wettbewerbsf\u00e4higkeit in einem nachhaltig anspruchsvollen Marktumfeld im Kerngesch\u00e4ft der grafischen Papiere setzt die Perlen Industrieholding AG, gemeinsam mit ihrem Tochterunternehmen Perlen Papier AG, weitere Elemente ihrer Transformationsstrategie um. Mit neuen Papierprodukten, dem Einstieg in fasergussbasierte Verpackungsl\u00f6sungen als komplement\u00e4res Gesch\u00e4ftsfeld sowie dem Bau eines 10 MW Batteriespeichers realisiert die Perlen Industrieholding AG erste wesentliche Etappenziele in ihrer Neuausrichtung hin zu einem zukunftsorientierten Industrieunternehmen.<\/p>\n<p><strong>Neuausrichtung der Papierfabrik st\u00e4rkt Wettbewerbsf\u00e4higkeit im Kerngesch\u00e4ft <\/strong><strong><br \/>\n<\/strong>Die Perlen Papier AG fokussiert sich auf die nachhaltige, profitable Entwicklung ihres Kernmarktes der Presse- und Magazinpapiere in Europa. Mit der durchgef\u00fchrten Restrukturierung und der Fortf\u00fchrung des Betriebs beider Papiermaschinen in einer der modernsten Papierfabriken Europas verbessert das Unternehmen seine Marktpositionierung f\u00fcr gestrichenes Magazin- als auch Zeitungspapier, um die Kunden weiterhin mit gewohnter Qualit\u00e4t und Service zu beliefern. Gleichzeitig bleiben im Kerngesch\u00e4ft die Markt- und Margenbedingungen aufgrund des anhaltenden Preis- und Mengendrucks herausfordernd und hinter den Erwartungen.<\/p>\n<p><strong>Spezialpapiere f\u00fcr flexible Verpackungen und fasergussbasierte Verpackungsl\u00f6sungen<\/strong><\/p>\n<p>Parallel zum Kerngesch\u00e4ft st\u00e4rkt die Perlen Papier AG das Papiergesch\u00e4ft mit gezielten Produktinnovationen. Neu entwickelte, rezyklierbare Spezialpapiere f\u00fcr flexible Verpackungen, unter anderem f\u00fcr den Lebensmittel- und Etikettenbereich, verf\u00fcgen \u00fcber integrierte Barriere-Eigenschaften. Damit erschliesst das Unternehmen einen zus\u00e4tzlichen, wachsenden Markt mit anspruchsvollen Anwendungen und h\u00f6heren Wertsch\u00f6pfungspotenzialen, der mit den bestehenden Anlagen bedient werden kann.<\/p>\n<p>Einen weiteren strategischen Entwicklungsschritt markiert der Einstieg in fasergussbasierte Verpackungsl\u00f6sungen. Diese gelten als vielversprechende, rezyklierbare Alternative zu Kunststoff und finden zunehmend Anwendung, z.B. als Schalen, Verpackungen oder Flaschen. Mit Faserguss bietet die Perlen Papier AG eine kreislauff\u00e4hige L\u00f6sung, die sich einfach im Altpapier entsorgen l\u00e4sst und Wirtschaftlichkeit mit Nachhaltigkeit verbindet. Dank vorhandener Faserinfrastruktur (Altpapier, Holzstoff, Zellstoff) und umfassendem Know-how ist das Unternehmen ideal positioniert, um dieses Gesch\u00e4ftsfeld in der Schweiz aufzubauen. Erste Produkte befinden sich bereits in der Testphase.<\/p>\n<p><strong>Arealentwicklung \/ Batteriespeicher<\/strong><\/p>\n<p>Ein erster Schritt in der Arealentwicklung ist die geplante Realisierung eines Batteriespeichers mit 10 MW Leistung und 20 MWh Kapazit\u00e4t. Das Projekt wird in Zusammenarbeit mit Wattss, einem renommierten Schweizer Spezialisten f\u00fcr den Bau und Einsatz von Batteriespeichern, umgesetzt. Die Inbetriebnahme ist f\u00fcr Ende 2026 vorgesehen. Weitere Energieinfrastrukturprojekte sowie die m\u00f6gliche Ansiedlung von Rechenzentren auf dem Areal befinden sich in konzeptioneller Vorbereitung.<\/p>\n<p>Dr. Florian Geiger, CEO der Perlen Industrieholding AG und der Perlen Papier AG, sagt: \u00abDie vergangenen Monate waren gepr\u00e4gt von schwierigen, aber notwendigen Entscheidungen, um die Wettbewerbsf\u00e4higkeit in unserem Kernmarkt der grafischen Papiere zu verbessern, in welchem wir weiterhin ein herausforderndes Marktumfeld erwarten. Gleichzeitig konnten wir wichtige Weichen f\u00fcr die strategische Neuausrichtung stellen, dies dank grossem Einsatz und Innovationsgeist unserer Mitarbeitenden sowie der Unterst\u00fctzung unseres langfristig ausgerichteten Ankeraktion\u00e4rs. Mit diesen erreichten Meilensteinen verbessern wir unsere Wettbewerbsf\u00e4higkeit weiter, wissen aber auch, dass wir erst am Anfang der Transformation stehen.\u00bb<\/p>\n<p><strong>Messeauftritt an Empack Bern Ende Januar<\/strong><\/p>\n<p>Die Perlen Papier AG wird an der Fachmesse Empack Bern (28.\/29.1.2026) vertreten sein und interessierten Messebesucherinnen und -besuchern erste Testprodukte ihrer fasergussbasierten Verpackungsl\u00f6sungen und Spezialpapiere pr\u00e4sentieren.<\/p>\n","protected":false},"excerpt":{"rendered":"<p>Die Perlen Industrieholding AG treibt den strategischen Umbau von der traditionellen Papierproduzentin hin zu einem zukunftsorientierten&#8230;<\/p>\n","protected":false},"author":2,"featured_media":42972,"comment_status":"closed","ping_status":"closed","sticky":false,"template":"","format":"standard","meta":{"footnotes":""},"categories":[24,16],"tags":[],"series":[],"class_list":["post-42971","post","type-post","status-publish","format-standard","has-post-thumbnail","hentry","category-plas-tv-meldungen-auf-der-startseite-unterhalb-slider","category-plast-tv-textmeldungen"],"_links":{"self":[{"href":"https:\/\/plas.tv\/index.php?rest_route=\/wp\/v2\/posts\/42971","targetHints":{"allow":["GET"]}}],"collection":[{"href":"https:\/\/plas.tv\/index.php?rest_route=\/wp\/v2\/posts"}],"about":[{"href":"https:\/\/plas.tv\/index.php?rest_route=\/wp\/v2\/types\/post"}],"author":[{"embeddable":true,"href":"https:\/\/plas.tv\/index.php?rest_route=\/wp\/v2\/users\/2"}],"replies":[{"embeddable":true,"href":"https:\/\/plas.tv\/index.php?rest_route=%2Fwp%2Fv2%2Fcomments&post=42971"}],"version-history":[{"count":1,"href":"https:\/\/plas.tv\/index.php?rest_route=\/wp\/v2\/posts\/42971\/revisions"}],"predecessor-version":[{"id":42973,"href":"https:\/\/plas.tv\/index.php?rest_route=\/wp\/v2\/posts\/42971\/revisions\/42973"}],"wp:featuredmedia":[{"embeddable":true,"href":"https:\/\/plas.tv\/index.php?rest_route=\/wp\/v2\/media\/42972"}],"wp:attachment":[{"href":"https:\/\/plas.tv\/index.php?rest_route=%2Fwp%2Fv2%2Fmedia&parent=42971"}],"wp:term":[{"taxonomy":"category","embeddable":true,"href":"https:\/\/plas.tv\/index.php?rest_route=%2Fwp%2Fv2%2Fcategories&post=42971"},{"taxonomy":"post_tag","embeddable":true,"href":"https:\/\/plas.tv\/index.php?rest_route=%2Fwp%2Fv2%2Ftags&post=42971"},{"taxonomy":"series","embeddable":true,"href":"https:\/\/plas.tv\/index.php?rest_route=%2Fwp%2Fv2%2Fseries&post=42971"}],"curies":[{"name":"wp","href":"https:\/\/api.w.org\/{rel}","templated":true}]}}