{"id":42974,"date":"2026-02-02T07:39:11","date_gmt":"2026-02-02T06:39:11","guid":{"rendered":"https:\/\/plas.tv\/?p=42974"},"modified":"2026-01-29T11:40:05","modified_gmt":"2026-01-29T10:40:05","slug":"basf-gruppe-legt-vorlaeufige-zahlen-fuer-das-gesamtjahr-2025-vor","status":"publish","type":"post","link":"https:\/\/plas.tv\/?p=42974","title":{"rendered":"BASF-Gruppe legt vorl\u00e4ufige Zahlen f\u00fcr das Gesamtjahr 2025 vor"},"content":{"rendered":"<div class=\"ng-star-inserted\">\n<div class=\"service-icons hidden-on-scroll\">\n<ul class=\"service-icons-list\">\n<li class=\"service-icons-list__item item-contact\"><strong>Free Cashflow liegt mit 1,3 Milliarden \u20ac deutlich \u00fcber dem Analystenkonsens (0,6\u00a0Milliarden\u00a0\u20ac) und der von BASF prognostizierten Bandbreite (0,4\u00a0Milliarden \u20ac bis 0,8 Milliarden \u20ac)<\/strong><\/li>\n<\/ul>\n<\/div>\n<\/div>\n<div class=\"ng-star-inserted\">\n<div class=\"wxp-grid-row ng-star-inserted\">\n<div id=\"textComponent-477113702\" class=\"wxp-text wxp-rt\">\n<div>\n<ul>\n<li><strong>EBITDA vor Sondereinfl\u00fcssen erreicht 6,6 Milliarden \u20ac und liegt damit leicht unter dem Niveau des Analystenkonsens (6,7 Milliarden \u20ac) und der von BASF prognostizierten Bandbreite (6,7 Milliarden \u20ac bis 7,1\u00a0Milliarden\u00a0\u20ac)<\/strong><\/li>\n<\/ul>\n<p>Der <strong>Umsatz<\/strong> der BASF-Gruppe liegt im Gesamtjahr 2025 bei voraussichtlich 59,7 Milliarden \u20ac (2024: 61,4 Milliarden \u20ac, ohne nicht fortgef\u00fchrtes Coatings-Gesch\u00e4ft). Dies entspricht dem von Analysten im Durchschnitt gesch\u00e4tzten Wert (Vara: 59,6\u00a0Milliarden \u20ac). W\u00e4hrend die Mengen 2025 leicht stiegen, belasteten negative W\u00e4hrungseffekte und leicht r\u00fcckl\u00e4ufige Verkaufspreise die Umsatzentwicklung.<br \/>\nDas <strong>Ergebnis der Betriebst\u00e4tigkeit vor Abschreibungen und Sondereinfl\u00fcssen<\/strong> (EBITDA vor Sondereinfl\u00fcssen) liegt 2025 mit voraussichtlich 6,6 Milliarden \u20ac leicht unter den durchschnittlichen Analystensch\u00e4tzungen f\u00fcr 2025 (Vara: 6,7\u00a0Milliarden\u00a0\u20ac) und unterhalb der von BASF im Oktober 2025 prognostizierten Bandbreite von 6,7\u00a0Milliarden \u20ac bis 7,1\u00a0Milliarden \u20ac. Zuletzt wurde von BASF ein Ergebnis am unteren Ende dieser Bandbreite erwartet. Im Jahr 2024 betrug das EBITDA vor Sondereinfl\u00fcssen 7,2 Milliarden \u20ac (ohne nicht fortgef\u00fchrtes Coatings-Gesch\u00e4ft). Der R\u00fcckgang gegen\u00fcber dem Vorjahr resultierte insbesondere aus niedrigeren Margen und negativen W\u00e4hrungseffekten.<br \/>\nDer <strong>Free Cashflow<\/strong> betr\u00e4gt 2025 voraussichtlich 1,3 Milliarden \u20ac (2024: 0,7\u00a0Milliarden \u20ac) und liegt somit deutlich \u00fcber den durchschnittlichen Analystensch\u00e4tzungen (Vara: 0,6\u00a0Milliarden \u20ac) und der von BASF prognostizierten Bandbreite von 0,4\u00a0Milliarden\u00a0\u20ac bis 0,8 Milliarden \u20ac. Im Vergleich zum Vorjahr wurde der Free Cashflow unterst\u00fctzt durch niedrigere Auszahlungen f\u00fcr immaterielle Verm\u00f6genswerte und Sachanlagen (2025: 4,3\u00a0Milliarden\u00a0\u20ac; 2024: 6,2\u00a0Milliarden\u00a0\u20ac). Der <strong>Cashflow aus betrieblicher T\u00e4tigkeit<\/strong> betr\u00e4gt 2025 voraussichtlich 5,6\u00a0Milliarden \u20ac (2024: 6,9 Milliarden \u20ac). Der R\u00fcckgang gegen\u00fcber dem Vorjahr resultiert vor allem aus preisbedingt h\u00f6heren Edelmetallhandelspositionen; gegenl\u00e4ufig wirkte eine substanzielle Dividende von Wintershall Dea.<br \/>\nDas <strong>EBIT<\/strong> der BASF-Gruppe liegt 2025 mit voraussichtlich 1,6 Milliarden \u20ac unter dem Analystenkonsens f\u00fcr 2025 (Vara: 2,2 Milliarden \u20ac) und unter dem Wert des Vorjahres (2024: 1,8 Milliarden \u20ac, ohne nicht fortgef\u00fchrtes Coatings-Gesch\u00e4ft). Das EBIT enth\u00e4lt deutlich h\u00f6here Restrukturierungsaufwendungen als im Vorjahr. Mit den angek\u00fcndigten Restrukturierungsma\u00dfnahmen kommt BASF schneller voran als geplant. Gegenl\u00e4ufige positive Sondereinfl\u00fcsse resultieren insbesondere aus der Ver\u00e4u\u00dferung des Bautenanstrichmittelgesch\u00e4fts an Sherwin-Williams zum 1.\u00a0Oktober 2025. In der Summe belaufen sich die Sondereinfl\u00fcsse im EBIT 2025 voraussichtlich auf minus 1,3\u00a0Milliarden\u00a0\u20ac.<br \/>\nDas <strong>Ergebnis nach Steuern und nicht beherrschenden Anteilen<\/strong> liegt 2025 voraussichtlich bei 1,6 Milliarden \u20ac. Es \u00fcbersteigt somit deutlich den Analystenkonsens (Vara: 1,2\u00a0Milliarden\u00a0\u20ac) und das Ergebnis nach Steuern und nicht beherrschenden Anteilen des Vorjahres (2024: 1,3\u00a0Milliarden \u20ac). Dies resultiert im Wesentlichen aus h\u00f6heren Ergebnisbeitr\u00e4gen der at-equity konsolidierten Beteiligung an Wintershall Dea.\n<\/div>\n<\/div>\n<\/div>\n<\/div>\n","protected":false},"excerpt":{"rendered":"<p>Der Umsatz der BASF-Gruppe liegt im Gesamtjahr 2025 bei voraussichtlich 59,7 Milliarden \u20ac. Dies entspricht dem von Analysten&#8230;<\/p>\n","protected":false},"author":2,"featured_media":24065,"comment_status":"closed","ping_status":"closed","sticky":false,"template":"","format":"standard","meta":{"footnotes":""},"categories":[24,16],"tags":[],"series":[],"class_list":["post-42974","post","type-post","status-publish","format-standard","has-post-thumbnail","hentry","category-plas-tv-meldungen-auf-der-startseite-unterhalb-slider","category-plast-tv-textmeldungen"],"_links":{"self":[{"href":"https:\/\/plas.tv\/index.php?rest_route=\/wp\/v2\/posts\/42974","targetHints":{"allow":["GET"]}}],"collection":[{"href":"https:\/\/plas.tv\/index.php?rest_route=\/wp\/v2\/posts"}],"about":[{"href":"https:\/\/plas.tv\/index.php?rest_route=\/wp\/v2\/types\/post"}],"author":[{"embeddable":true,"href":"https:\/\/plas.tv\/index.php?rest_route=\/wp\/v2\/users\/2"}],"replies":[{"embeddable":true,"href":"https:\/\/plas.tv\/index.php?rest_route=%2Fwp%2Fv2%2Fcomments&post=42974"}],"version-history":[{"count":1,"href":"https:\/\/plas.tv\/index.php?rest_route=\/wp\/v2\/posts\/42974\/revisions"}],"predecessor-version":[{"id":42975,"href":"https:\/\/plas.tv\/index.php?rest_route=\/wp\/v2\/posts\/42974\/revisions\/42975"}],"wp:featuredmedia":[{"embeddable":true,"href":"https:\/\/plas.tv\/index.php?rest_route=\/wp\/v2\/media\/24065"}],"wp:attachment":[{"href":"https:\/\/plas.tv\/index.php?rest_route=%2Fwp%2Fv2%2Fmedia&parent=42974"}],"wp:term":[{"taxonomy":"category","embeddable":true,"href":"https:\/\/plas.tv\/index.php?rest_route=%2Fwp%2Fv2%2Fcategories&post=42974"},{"taxonomy":"post_tag","embeddable":true,"href":"https:\/\/plas.tv\/index.php?rest_route=%2Fwp%2Fv2%2Ftags&post=42974"},{"taxonomy":"series","embeddable":true,"href":"https:\/\/plas.tv\/index.php?rest_route=%2Fwp%2Fv2%2Fseries&post=42974"}],"curies":[{"name":"wp","href":"https:\/\/api.w.org\/{rel}","templated":true}]}}