{"id":42979,"date":"2026-02-02T07:45:16","date_gmt":"2026-02-02T06:45:16","guid":{"rendered":"https:\/\/plas.tv\/?p=42979"},"modified":"2026-01-29T11:46:03","modified_gmt":"2026-01-29T10:46:03","slug":"kein-deutscher-sonderweg","status":"publish","type":"post","link":"https:\/\/plas.tv\/?p=42979","title":{"rendered":"Kein deutscher Sonderweg"},"content":{"rendered":"<p><strong>17 Wirtschaftsverb\u00e4nde fordern Ende des nationalen Lieferkettengesetzes<\/strong><\/p>\n<p>Nach der ersten Lesung zur \u00c4nderung des Lieferkettensorgfaltspflichtengesetzes (LkSG) im Deutschen Bundestag fordern 17 f\u00fchrende Wirtschaftsverb\u00e4nde das vollst\u00e4ndige Aussetzen des LkSG. Die bislang vorgesehenen \u00c4nderungen reichen aus Sicht der Verb\u00e4nde nicht aus, um Unternehmen sp\u00fcrbar zu entlasten.<\/p>\n<p>Der Gesetzentwurf beschr\u00e4nkt sich im Wesentlichen auf die Streichung der Berichtspflicht und eine Reduzierung von Sanktionen. Die umfassenden Sorgfaltspflichten entlang globaler Lieferketten sowie die detaillierten Dokumentationsanforderungen bleiben jedoch bestehen. \u201eSp\u00fcrbare Entlastungen sind somit nicht zu erwarten\u201c, stellen die Verb\u00e4nde in einem Schreiben an Bundestag und Bundesregierung klar.<\/p>\n<p>Kernforderung der Verb\u00e4nde ist daher, das LkSG auszusetzen. Gleichzeitig m\u00fcsse die Bundesregierung ihre Zusage aus dem Koalitionsvertrag einl\u00f6sen und die im Dezember 2025 auf EU-Ebene beschlossenen \u00c4nderungen zur Lieferkettenregulierung (\u201eOmnibus I\u201c) z\u00fcgig in einer b\u00fcrokratiearmen und praxisnahen Form umsetzen. \u201eDieses Versprechen muss jetzt eingel\u00f6st werden.\u201c<\/p>\n<p>Sollte das LkSG nicht ausgesetzt werden, treten die Verb\u00e4nde daf\u00fcr ein, zumindest den nationalen Anwendungsbereich unverz\u00fcglich an den der europ\u00e4ischen Lieferkettenrichtlinie (CSDDD) anzupassen. Dieser erfasst nur noch sehr gro\u00dfe Unternehmen. Entsprechend sollten Unternehmen, die k\u00fcnftig nicht mehr von der europ\u00e4ischen Regelung erfasst sind, auch national nicht l\u00e4nger verpflichtet werden, so die Verb\u00e4nde. Andernfalls drohten Wettbewerbsnachteile und Rechtsunsicherheit.<\/p>\n<p>\u201eDeutschland muss seinen nationalen Sonderweg beenden und die laufende LkSG-Novelle gezielt f\u00fcr sp\u00fcrbare Entlastungen nutzen\u201c, betonen die Verb\u00e4nde. Diese bis 2029 zu verschieben, sei keine Option. \u201cWir fordern Bundestag und Bundesregierung auf, die notwendigen Ma\u00dfnahmen unverz\u00fcglich auf den Weg zu bringen\u201d, so die klare Botschaft.<\/p>\n","protected":false},"excerpt":{"rendered":"<p>Nach der ersten Lesung zur \u00c4nderung des Lieferkettensorgfaltspflichtengesetzes (LkSG) im Deutschen Bundestag fordern 17 f\u00fchrende&#8230;<\/p>\n","protected":false},"author":2,"featured_media":6501,"comment_status":"closed","ping_status":"closed","sticky":false,"template":"","format":"standard","meta":{"footnotes":""},"categories":[24,16],"tags":[],"series":[],"class_list":["post-42979","post","type-post","status-publish","format-standard","has-post-thumbnail","hentry","category-plas-tv-meldungen-auf-der-startseite-unterhalb-slider","category-plast-tv-textmeldungen"],"_links":{"self":[{"href":"https:\/\/plas.tv\/index.php?rest_route=\/wp\/v2\/posts\/42979","targetHints":{"allow":["GET"]}}],"collection":[{"href":"https:\/\/plas.tv\/index.php?rest_route=\/wp\/v2\/posts"}],"about":[{"href":"https:\/\/plas.tv\/index.php?rest_route=\/wp\/v2\/types\/post"}],"author":[{"embeddable":true,"href":"https:\/\/plas.tv\/index.php?rest_route=\/wp\/v2\/users\/2"}],"replies":[{"embeddable":true,"href":"https:\/\/plas.tv\/index.php?rest_route=%2Fwp%2Fv2%2Fcomments&post=42979"}],"version-history":[{"count":1,"href":"https:\/\/plas.tv\/index.php?rest_route=\/wp\/v2\/posts\/42979\/revisions"}],"predecessor-version":[{"id":42980,"href":"https:\/\/plas.tv\/index.php?rest_route=\/wp\/v2\/posts\/42979\/revisions\/42980"}],"wp:featuredmedia":[{"embeddable":true,"href":"https:\/\/plas.tv\/index.php?rest_route=\/wp\/v2\/media\/6501"}],"wp:attachment":[{"href":"https:\/\/plas.tv\/index.php?rest_route=%2Fwp%2Fv2%2Fmedia&parent=42979"}],"wp:term":[{"taxonomy":"category","embeddable":true,"href":"https:\/\/plas.tv\/index.php?rest_route=%2Fwp%2Fv2%2Fcategories&post=42979"},{"taxonomy":"post_tag","embeddable":true,"href":"https:\/\/plas.tv\/index.php?rest_route=%2Fwp%2Fv2%2Ftags&post=42979"},{"taxonomy":"series","embeddable":true,"href":"https:\/\/plas.tv\/index.php?rest_route=%2Fwp%2Fv2%2Fseries&post=42979"}],"curies":[{"name":"wp","href":"https:\/\/api.w.org\/{rel}","templated":true}]}}