{"id":43136,"date":"2026-03-02T06:57:33","date_gmt":"2026-03-02T05:57:33","guid":{"rendered":"https:\/\/plas.tv\/?p=43136"},"modified":"2026-02-26T12:59:47","modified_gmt":"2026-02-26T11:59:47","slug":"mark-garrett-soll-der-hauptversammlung-2026-zur-wahl-in-den-aufsichtsrat-der-basf-se-vorgeschlagen-werden","status":"publish","type":"post","link":"https:\/\/plas.tv\/?p=43136","title":{"rendered":"Mark Garrett soll der Hauptversammlung 2026 zur Wahl in den Aufsichtsrat der BASF SE vorgeschlagen werden"},"content":{"rendered":"<p>Der Aufsichtsrat der BASF SE hat am 25. Februar 2026 auf Vorschlag des Nominierungs<strong>\u00ad<\/strong>ausschusses Mark Garrett (63) f\u00fcr die Wahl als Anteilseigner<strong>\u00ad<\/strong>vertreter im Aufsichtsrat benannt. Die Wahl soll in der ordentlichen Haupt<strong>\u00ad<\/strong>ver<strong>\u00ad<\/strong>sammlung der BASF SE am 30. April 2026 erfolgen.<\/p>\n<p>Mark Garrett soll Liming Chen (66) nachfolgen, der sein Aufsichtsrats<strong>\u00ad<\/strong>mandat zum Ablauf der Hauptver<strong>\u00ad<\/strong>sammlung 2026 auf eigenen Wunsch niederlegen wird. Chen ist seit Oktober 2020 Mitglied des Aufsichtsrats der BASF SE. Die Wahl von Garrett erfolgt zun\u00e4chst f\u00fcr die verbleibende Amtszeit des ausscheidenden Aufsichtsrats<strong>\u00ad<\/strong>mitglieds, das hei\u00dft bis zur Beendigung der ordentlichen Hauptversammlung im Jahr 2028.<\/p>\n<p>\u201eMark Garrett ist durch seine mehr als drei\u00dfigj\u00e4hrige Karriere mit allen wichtigen Bereichen der Chemieindustrie aufs Engste vertraut\u201c, so Dr. Kurt Bock, Vorsitzender des Aufsichtsrats der BASF SE. \u201eEr hat mehrere Unternehmen erfolgreich als CEO gef\u00fchrt und verf\u00fcgt dar\u00fcber hinaus \u00fcber gro\u00dfe Erfahrung als Mitglied und Vorsitzender von Aufsichtsr\u00e4ten b\u00f6rsennotierter sowie privater Unternehmen. Seine reiche unternehmerische Erfahrung wird die Kompetenz des BASF-Aufsichtsrats weiter st\u00e4rken.\u201c<\/p>\n<p>Nach dem Studium in Australien (Bachelor in Economics, Graduate Diploma in Applied Information Systems) hat Mark Garrett seine Laufbahn 1986 bei der Ciba-Geigy begonnen. Nach vielf\u00e4ltigen beruflichen Stationen in der Schweiz und den USA war er unter anderem von 2007 bis 2018 Vorstandsvorsitzender der\u00a0Borealis AG, von 2019 bis 2021 Chair des Board of Directors von Axalta Coating Systems LLC sowie von 2020 bis 2023 Vorsitzender des Aufsichtsrats der OMV Aktiengesellschaft. Mark Garrett hat die australische und die schweizerische Staatsb\u00fcrgerschaft.<\/p>\n<p>Leitender Grundsatz f\u00fcr die Besetzung des Aufsichtsrats ist es, eine qualifizierte Aufsicht und Beratung des Vorstands der BASF SE sicherzustellen.<\/p>\n","protected":false},"excerpt":{"rendered":"<p>Der Aufsichtsrat der BASF SE hat am 25. Februar 2026 auf Vorschlag des Nominierungs\u00adausschusses Mark Garrett f\u00fcr die Wahl als Anteilseigner\u00advertreter..<\/p>\n","protected":false},"author":2,"featured_media":43137,"comment_status":"closed","ping_status":"closed","sticky":false,"template":"","format":"standard","meta":{"footnotes":""},"categories":[24,16],"tags":[],"series":[],"class_list":["post-43136","post","type-post","status-publish","format-standard","has-post-thumbnail","hentry","category-plas-tv-meldungen-auf-der-startseite-unterhalb-slider","category-plast-tv-textmeldungen"],"_links":{"self":[{"href":"https:\/\/plas.tv\/index.php?rest_route=\/wp\/v2\/posts\/43136","targetHints":{"allow":["GET"]}}],"collection":[{"href":"https:\/\/plas.tv\/index.php?rest_route=\/wp\/v2\/posts"}],"about":[{"href":"https:\/\/plas.tv\/index.php?rest_route=\/wp\/v2\/types\/post"}],"author":[{"embeddable":true,"href":"https:\/\/plas.tv\/index.php?rest_route=\/wp\/v2\/users\/2"}],"replies":[{"embeddable":true,"href":"https:\/\/plas.tv\/index.php?rest_route=%2Fwp%2Fv2%2Fcomments&post=43136"}],"version-history":[{"count":1,"href":"https:\/\/plas.tv\/index.php?rest_route=\/wp\/v2\/posts\/43136\/revisions"}],"predecessor-version":[{"id":43138,"href":"https:\/\/plas.tv\/index.php?rest_route=\/wp\/v2\/posts\/43136\/revisions\/43138"}],"wp:featuredmedia":[{"embeddable":true,"href":"https:\/\/plas.tv\/index.php?rest_route=\/wp\/v2\/media\/43137"}],"wp:attachment":[{"href":"https:\/\/plas.tv\/index.php?rest_route=%2Fwp%2Fv2%2Fmedia&parent=43136"}],"wp:term":[{"taxonomy":"category","embeddable":true,"href":"https:\/\/plas.tv\/index.php?rest_route=%2Fwp%2Fv2%2Fcategories&post=43136"},{"taxonomy":"post_tag","embeddable":true,"href":"https:\/\/plas.tv\/index.php?rest_route=%2Fwp%2Fv2%2Ftags&post=43136"},{"taxonomy":"series","embeddable":true,"href":"https:\/\/plas.tv\/index.php?rest_route=%2Fwp%2Fv2%2Fseries&post=43136"}],"curies":[{"name":"wp","href":"https:\/\/api.w.org\/{rel}","templated":true}]}}