{"id":43145,"date":"2026-03-05T07:06:42","date_gmt":"2026-03-05T06:06:42","guid":{"rendered":"https:\/\/plas.tv\/?p=43145"},"modified":"2026-02-26T13:07:49","modified_gmt":"2026-02-26T12:07:49","slug":"maschinenexporte-aus-deutschland-2025-zoelle-und-geopolitische-unsicherheiten-reissen-loecher-in-exportbilanz","status":"publish","type":"post","link":"https:\/\/plas.tv\/?p=43145","title":{"rendered":"Maschinenexporte aus Deutschland 2025: Z\u00f6lle und geopolitische Unsicherheiten rei\u00dfen L\u00f6cher in Exportbilanz"},"content":{"rendered":"<ul>\n<li><strong>Ausfuhrvolumen 2025 sinkt um 1,8 Prozent auf 198,5 Milliarden Euro<\/strong><\/li>\n<li><strong>R\u00fcckg\u00e4nge in allen gro\u00dfen Absatzm\u00e4rkten; Lichtblicke sind Afrika, Naher und Mittlerer Osten sowie Mercosur-Staaten<\/strong><\/li>\n<li><strong>EU-Binnenmarkt bleibt wichtigste Absatzregion, USA und China sind wichtigste Einzell\u00e4nder<\/strong><\/li>\n<li><strong>Handelspolitische Unsicherheiten tr\u00fcben den Ausblick auf 2026<\/strong><\/li>\n<\/ul>\n<p>Der Maschinen- und Anlagenbau in Deutschland musste im Jahr 2025 abermals sp\u00fcrbare Einbu\u00dfen auf den Auslandsm\u00e4rkten hinnehmen. Nach Angaben des Statistischen Bundesamts sanken die Exporte nominal um 1,8 Prozent gegen\u00fcber dem Vorjahr. Preisbereinigt lag der R\u00fcckgang sogar bei 3,3 Prozent. Insgesamt wurden Maschinen und Anlagen im Wert von 198,5 Milliarden Euro aus Deutschland in die Welt exportiert. Damit sind die Exporte sogar etwas st\u00e4rker als die Produktion zur\u00fcckgegangen, die nach vorl\u00e4ufiger Berechnung um real 2,6 Prozent schrumpfte.<\/p>\n<p>\u201eDas Jahr war gepr\u00e4gt von schwierigen handelspolitischen Rahmenbedingungen. Die US-Z\u00f6lle, der zunehmende Protektionismus sowie die damit einhergehende Unsicherheit auf den Weltm\u00e4rkten treffen den exportorientierten Maschinen- und Anlagenbau ins Mark \u2013 und stellen die Unternehmen vor gro\u00dfe Herausforderungen\u201c, kommentiert VDMA-Chefvolkswirt Dr. Johannes Gernandt die Jahresbilanz der Exporte.<\/p>\n<p><strong>Deutliche Unterschiede zwischen den EU-L\u00e4ndern \u2013 USA und China schwach<\/strong><br \/>\nDie Exporte in die L\u00e4nder der Europ\u00e4ischen Union entwickelten sich etwas besser als im Durchschnitt, lagen insgesamt mit einem Minus von nominal 0,3 Prozent aber dennoch leicht unter Vorjahresniveau. Die Unterschiede zwischen den EU-L\u00e4ndern fallen dabei teilweise deutlich aus. In Italien zeigte sich eine sp\u00fcrbare Dynamik mit einem kr\u00e4ftigen Plus von 9,5 Prozent w\u00e4hrend in Frankreich im Jahresvergleich ein Minus von 4,1 Prozent in den B\u00fcchern resultierte. Mit einem Exportanteil von 44,7 Prozent blieb die EU die wichtigste Absatzregion f\u00fcr den deutschen Maschinen- und Anlagenbau. Unter den Einzelabsatzm\u00e4rkten waren die USA weiterhin ganz oben in der Rangliste (Exportanteil 12,7 Prozent), gefolgt von China (8,2 Prozent), Frankreich (6,6 Prozent) und Italien (5,1 Prozent). Die Vereinigten Staaten standen aufgrund ihrer erratischen Zollpolitik besonders im Fokus. Wenig \u00fcberraschend schrumpften die Exporte in die USA im Jahresverlauf deutlich um 8,0 Prozent. Die Aufwertung des Euro gegen\u00fcber dem Dollar d\u00fcrfte den R\u00fcckgang verst\u00e4rkt haben. Mit Blick auf China war das Bild nur unwesentlich besser. Die strukturellen Probleme setzten sich hier fort und der R\u00fcckgang betrug im Jahresvergleich 8,2 Prozent.<\/p>\n<p>W\u00e4hrend es in allen gro\u00dfen Regionen zu Exportr\u00fcckg\u00e4ngen kam, gab es auch vereinzelte Lichtblicke. In Europa konnte neben Italien auch Spanien mit einem deutlichen Plus von 8,4 Prozent \u00fcberzeugen. Aber auch die Exporte nach Afrika (plus 9,2 Prozent), in die Mercosur-Staaten (plus 5,3 Prozent) und in den Nahen und Mittleren Osten (plus 7,1 Prozent) konnten deutlich zulegen.<\/p>\n<p><strong>Ausblick auf 2026<\/strong><br \/>\nDie handels- und geopolitischen Unsicherheiten d\u00fcrften fortbestehen und die Maschinenexporte auch im laufenden Jahr sp\u00fcrbar unter Druck setzen. Im US-Gesch\u00e4ft belasten insbesondere die Z\u00f6lle auf Stahl- und Aluminiumderivate sowie weitere drohende Zollschocks unver\u00e4ndert die Gesch\u00e4fte. In China sind die Exporte bereits seit vielen Jahren r\u00fcckl\u00e4ufig; dieser Trend d\u00fcrfte sich fortsetzen. Zus\u00e4tzlich d\u00fcrfte der erstarkte Euro die Exportwirtschaft bremsen. Hoffnung macht der europ\u00e4ische Binnenmarkt, der von einem positiven Auftragseingang aus den Europartnerl\u00e4ndern getragen wird. \u201eInsgesamt wird das weltwirtschaftliche Klima rauer. Die Politik muss daher schnellstm\u00f6glich die Freihandelsabkommen mit Mercosur, Indien und Indonesien ratifizieren, um Wohlstand und Arbeitspl\u00e4tze in Deutschland und Europa zu sichern\u201c, res\u00fcmiert VDMA-Chefvolkswirt Dr. Gernandt.<\/p>\n","protected":false},"excerpt":{"rendered":"<p>Der Maschinen- und Anlagenbau in Deutschland musste im Jahr 2025 abermals sp\u00fcrbare Einbu\u00dfen auf den Auslandsm\u00e4rkten hinnehmen. Nach Angaben&#8230;<\/p>\n","protected":false},"author":2,"featured_media":6409,"comment_status":"closed","ping_status":"closed","sticky":false,"template":"","format":"standard","meta":{"footnotes":""},"categories":[16],"tags":[],"series":[],"class_list":["post-43145","post","type-post","status-publish","format-standard","has-post-thumbnail","hentry","category-plast-tv-textmeldungen"],"_links":{"self":[{"href":"https:\/\/plas.tv\/index.php?rest_route=\/wp\/v2\/posts\/43145","targetHints":{"allow":["GET"]}}],"collection":[{"href":"https:\/\/plas.tv\/index.php?rest_route=\/wp\/v2\/posts"}],"about":[{"href":"https:\/\/plas.tv\/index.php?rest_route=\/wp\/v2\/types\/post"}],"author":[{"embeddable":true,"href":"https:\/\/plas.tv\/index.php?rest_route=\/wp\/v2\/users\/2"}],"replies":[{"embeddable":true,"href":"https:\/\/plas.tv\/index.php?rest_route=%2Fwp%2Fv2%2Fcomments&post=43145"}],"version-history":[{"count":1,"href":"https:\/\/plas.tv\/index.php?rest_route=\/wp\/v2\/posts\/43145\/revisions"}],"predecessor-version":[{"id":43146,"href":"https:\/\/plas.tv\/index.php?rest_route=\/wp\/v2\/posts\/43145\/revisions\/43146"}],"wp:featuredmedia":[{"embeddable":true,"href":"https:\/\/plas.tv\/index.php?rest_route=\/wp\/v2\/media\/6409"}],"wp:attachment":[{"href":"https:\/\/plas.tv\/index.php?rest_route=%2Fwp%2Fv2%2Fmedia&parent=43145"}],"wp:term":[{"taxonomy":"category","embeddable":true,"href":"https:\/\/plas.tv\/index.php?rest_route=%2Fwp%2Fv2%2Fcategories&post=43145"},{"taxonomy":"post_tag","embeddable":true,"href":"https:\/\/plas.tv\/index.php?rest_route=%2Fwp%2Fv2%2Ftags&post=43145"},{"taxonomy":"series","embeddable":true,"href":"https:\/\/plas.tv\/index.php?rest_route=%2Fwp%2Fv2%2Fseries&post=43145"}],"curies":[{"name":"wp","href":"https:\/\/api.w.org\/{rel}","templated":true}]}}