{"id":43212,"date":"2026-03-16T07:25:45","date_gmt":"2026-03-16T06:25:45","guid":{"rendered":"https:\/\/plas.tv\/?p=43212"},"modified":"2026-03-12T09:30:44","modified_gmt":"2026-03-12T08:30:44","slug":"plast-printpack-alger-22-nationen-praesentieren-zukunftsweisende-technologien-fuer-die-gesamte-maghreb-region","status":"publish","type":"post","link":"https:\/\/plas.tv\/?p=43212","title":{"rendered":"plast &#038; printpack alger: 22 Nationen pr\u00e4sentieren zukunftsweisende Technologien f\u00fcr die gesamte Maghreb-Region"},"content":{"rendered":"<p>Die plast &amp; printpack alger findet vom 30. M\u00e4rz bis 1. April 2026 bereits zum zehnten Mal in Algier statt. Mehr als 280 Aussteller aus 22 L\u00e4ndern haben ihre Teilnahme im Palais des Expositions \u2013 SAFEX best\u00e4tigt. Die Veranstaltung wird von fairtrade in Kooperation mit der Messe D\u00fcsseldorf organisiert.<\/p>\n<p>Als zentrale B2B-Plattform f\u00fcr die Kunststoff-, Druck- und Verpackungsindustrie in Algerien und Nordafrika bringt die plast &amp; printpack alger internationale Hersteller, Technologieanbieter und Fachbesucher zusammen. Die Beteiligung von Unternehmen aus Afrika, Asien, Europa und dem Nahen Osten unterstreicht die internationale Ausrichtung der Messe.<\/p>\n<p><strong>Fokus auf Nachhaltigkeit und industrielle Modernisierung<\/strong><\/p>\n<p>Ein inhaltlicher Schwerpunkt der plast &amp; printpack alger 2026 liegt auf Recyclingtechnologien, nachhaltigen Materialien, ressourceneffizienten Produktionsprozessen sowie zirkul\u00e4ren Wertsch\u00f6pfungsmodellen. Damit begleitet die Messe die zunehmende Ausrichtung Algeriens auf eine st\u00e4rker nachhaltige und technologisch modernisierte Industrieproduktion.<\/p>\n<p>Die Veranstaltung tr\u00e4gt dazu bei, Investitionen in moderne Anlagen zu f\u00f6rdern, die lokale Wertsch\u00f6pfung auszubauen, Exportpotenziale zu st\u00e4rken und Importabh\u00e4ngigkeiten zu reduzieren.<\/p>\n<p>Nach ihrer erstmaligen Beteiligung im Jahr 2025 hat auch das staatliche Energieunternehmen Sonatrach seine erneute Teilnahme f\u00fcr 2026 best\u00e4tigt. Dies verdeutlicht die wachsende Bedeutung der integrierten Wertsch\u00f6pfungskette von der Rohstoffproduktion bis zur Weiterverarbeitung in der Kunststoffindustrie.<\/p>\n<p><strong>Positive Marktentwicklung in zentralen Industriesegmenten<\/strong><\/p>\n<p>Aktuelle Branchenzahlen belegen die Investitionsdynamik in Algerien: Die Importe von Kunststofftechnologie stiegen zwischen 2020 und 2024 durchschnittlich um 34,6 Prozent pro Jahr. Damit ist Algerien derzeit der gr\u00f6\u00dfte Importeur von Kunststofftechnik in Afrika.<\/p>\n<p>Auch im Bereich Verpackungstechnologie nimmt das Land mit einem Importvolumen von 225 Millionen Euro im Jahr 2024 eine f\u00fchrende Position auf dem Kontinent ein. Zuw\u00e4chse verzeichnen zudem die Segmente Kunststoffrohstoffe sowie Druck- und Papiertechnologien.<\/p>\n<p>Diese Entwicklungen unterstreichen die strategische Ausrichtung Algeriens auf den Ausbau der industriellen Produktionskapazit\u00e4ten und eine st\u00e4rkere internationale Wettbewerbsf\u00e4higkeit.<\/p>\n<p><strong>Breite institutionelle Unterst\u00fctzung<\/strong><\/p>\n<p>Die plast &amp; printpack alger wird von zahlreichen internationalen Verb\u00e4nden und Institutionen unterst\u00fctzt, darunter ACIMGA, Advantage Austria, AHK Alger, AMAPLAST, das Bundesministerium f\u00fcr Wirtschaft und Klimaschutz, die Italian Trade Agency, das t\u00fcrkische Handelsministerium sowie der VDMA.<\/p>\n<p>Mit einer klaren Strukturierung der Ausstellungsbereiche in Kunststoffmaschinen, Druck- und Verpackungstechnologien sowie Rohstoffe, bietet die plast &amp; printpack alger 2026 einen umfassenden \u00dcberblick \u00fcber aktuelle Markt- und Technologietrends.<\/p>\n<p>Die plast alger ist Mitglied der Servicemarke K-Alliance. Unter dieser b\u00fcndelt die Messe D\u00fcsseldorf, die mit der K die weltweit f\u00fchrende Fachmesse der Kunststoff- und Kautschukindustrie ausrichtet, ihr weltweites Gesch\u00e4ft in der Kunststoff- und Kautschukbranche.<\/p>\n<p>Besucherregistrierung zur plast alger: <a title=\"https:\/\/algerie.fairtrade-messe.de\/index\/registration\" href=\"https:\/\/algerie.fairtrade-messe.de\/index\/registration\" target=\"_blank\" rel=\"noopener\">Registration<\/a><br \/>\nWeitere Informationen zur plast alger: <a title=\"https:\/\/www.plastalger.com\/\" href=\"https:\/\/www.plastalger.com\/\" target=\"_blank\" rel=\"noopener\">See you at plast alger<\/a><br \/>\nDetails zur K 2028 in D\u00fcsseldorf: <a title=\"http:\/\/www.k-online.de\" href=\"http:\/\/www.k-online.de\" target=\"_blank\" rel=\"noopener\">www.k-online.de<\/a><\/p>\n","protected":false},"excerpt":{"rendered":"<p>Die plast &#038; printpack alger findet vom 30. M\u00e4rz bis 1. April 2026 bereits zum zehnten Mal in Algier statt. Mehr als 280 Aussteller aus 22 L\u00e4ndern&#8230;<\/p>\n","protected":false},"author":2,"featured_media":43213,"comment_status":"closed","ping_status":"closed","sticky":false,"template":"","format":"standard","meta":{"footnotes":""},"categories":[24,16],"tags":[],"series":[],"class_list":["post-43212","post","type-post","status-publish","format-standard","has-post-thumbnail","hentry","category-plas-tv-meldungen-auf-der-startseite-unterhalb-slider","category-plast-tv-textmeldungen"],"_links":{"self":[{"href":"https:\/\/plas.tv\/index.php?rest_route=\/wp\/v2\/posts\/43212","targetHints":{"allow":["GET"]}}],"collection":[{"href":"https:\/\/plas.tv\/index.php?rest_route=\/wp\/v2\/posts"}],"about":[{"href":"https:\/\/plas.tv\/index.php?rest_route=\/wp\/v2\/types\/post"}],"author":[{"embeddable":true,"href":"https:\/\/plas.tv\/index.php?rest_route=\/wp\/v2\/users\/2"}],"replies":[{"embeddable":true,"href":"https:\/\/plas.tv\/index.php?rest_route=%2Fwp%2Fv2%2Fcomments&post=43212"}],"version-history":[{"count":1,"href":"https:\/\/plas.tv\/index.php?rest_route=\/wp\/v2\/posts\/43212\/revisions"}],"predecessor-version":[{"id":43214,"href":"https:\/\/plas.tv\/index.php?rest_route=\/wp\/v2\/posts\/43212\/revisions\/43214"}],"wp:featuredmedia":[{"embeddable":true,"href":"https:\/\/plas.tv\/index.php?rest_route=\/wp\/v2\/media\/43213"}],"wp:attachment":[{"href":"https:\/\/plas.tv\/index.php?rest_route=%2Fwp%2Fv2%2Fmedia&parent=43212"}],"wp:term":[{"taxonomy":"category","embeddable":true,"href":"https:\/\/plas.tv\/index.php?rest_route=%2Fwp%2Fv2%2Fcategories&post=43212"},{"taxonomy":"post_tag","embeddable":true,"href":"https:\/\/plas.tv\/index.php?rest_route=%2Fwp%2Fv2%2Ftags&post=43212"},{"taxonomy":"series","embeddable":true,"href":"https:\/\/plas.tv\/index.php?rest_route=%2Fwp%2Fv2%2Fseries&post=43212"}],"curies":[{"name":"wp","href":"https:\/\/api.w.org\/{rel}","templated":true}]}}