{"id":43481,"date":"2026-04-30T06:29:30","date_gmt":"2026-04-30T04:29:30","guid":{"rendered":"https:\/\/plas.tv\/?p=43481"},"modified":"2026-04-24T10:31:05","modified_gmt":"2026-04-24T08:31:05","slug":"fakuma-setzt-erneut-starkes-zeichen-fuer-karrierechancen-in-der-kunststoffbranche-karriere-freitag-der-fakuma-2026","status":"publish","type":"post","link":"https:\/\/plas.tv\/?p=43481","title":{"rendered":"Fakuma setzt erneut starkes Zeichen f\u00fcr Karrierechancen in der Kunststoffbranche \u2013 Karriere-Freitag der Fakuma 2026"},"content":{"rendered":"<div class=\"uncode_text_column\">\n<p><strong>Nach der erfolgreichen Premiere setzt die Fakuma erneut ein starkes Signal f\u00fcr die Nachwuchsf\u00f6rderung: Im Rahmen der 30. Fakuma veranstaltet der Messeveranstalter P. E. Schall gemeinsam mit den Messebeir\u00e4ten und PlasticsEurope Deutschland am 16. Oktober 2026 erneut den Karriere-Freitag unter dem Motto \u201eMold your dreams, mold your future\u201c. Sch\u00fclerinnen und Sch\u00fcler, Studierende sowie Berufseinsteiger sind eingeladen, die vielf\u00e4ltigen M\u00f6glichkeiten der Kunststoffbranche hautnah zu erleben.<\/strong><\/p>\n<p>Mit dem Karriere-Freitag hat die Fakuma eine Plattform geschaffen, die gezielt junge Talente anspricht und ihnen praxisnahe Einblicke in eine der innovationsst\u00e4rksten Industrien Europas erm\u00f6glicht. Internationale Aussteller \u00f6ffnen ihre Messest\u00e4nde f\u00fcr exklusive Aktionen, geben Einblicke in moderne Fertigungstechnologien und zeigen konkrete Wege f\u00fcr den Einstieg in die Branche auf.<\/p>\n<p>\u201eWir m\u00f6chten jungen Menschen nicht nur Berufsbilder vorstellen, sondern echte Perspektiven er\u00f6ffnen\u201c, erkl\u00e4rt Bettina Schall, Gesch\u00e4ftsf\u00fchrerin von Schall Messen. \u201eDer Karriere-Freitag bringt Talente und Unternehmen direkt zusammen \u2013 authentisch, praxisnah und auf Augenh\u00f6he. So wird erlebbar, wie spannend und zukunftsorientiert die Kunststoffindustrie tats\u00e4chlich ist.\u201c<\/p>\n<p>Dr. Christoph Schumacher, Bereichsleiter Global Marketing bei ARBURG GmbH + Co KG und Mitglied des Fakuma-Messebeirats, erg\u00e4nzt: \u201eFormate wie der Karriere-Freitag zeigen eindrucksvoll, welche Bedeutung unsere Branche und auch unsere Gesellschaft\u00a0f\u00fcr die industrielle Zukunft hat. Wer nach sinnstiftenden Aufgaben und technologischer Exzellenz sucht, findet im Maschinen- und Anlagenbau ein Umfeld mit echten Gestaltungsm\u00f6glichkeiten.\u201c<\/p>\n<p>Die jungen Besucher profitieren dabei von einem direkten Austausch mit Fachkr\u00e4ften, Auszubildenden und Studierenden aus den Unternehmen. Diese pers\u00f6nliche Begegnung erm\u00f6glicht realistische Einblicke in Arbeitsalltag, Entwicklungsm\u00f6glichkeiten und Karrierewege.<\/p>\n<\/div>\n<div class=\"vc_custom_heading_wrap \">\n<div class=\"heading-text el-text\">\n<h2 class=\"h4\">Guided Tours als Br\u00fccke zwischen Talenten und Industrie<\/h2>\n<\/div>\n<div class=\"clear\"><\/div>\n<\/div>\n<div class=\"uncode_text_column\">\n<p>Ein zentrales Element des Karriere-Freitags sind die gef\u00fchrten Messerundg\u00e4nge, die sogenannten Guided Tours. Diese werden erneut in Kooperation mit PlasticsEurope Deutschland organisiert und z\u00e4hlen zu den Highlights des Programms.<br \/>\nIn organisierten Gruppen werden die Teilnehmer gezielt zu angemeldeten Ausstellern gef\u00fchrt. Dort pr\u00e4sentieren Unternehmensvertreter konkrete Einstiegsm\u00f6glichkeiten, aktuelle Projekte und technologische Innovationen. Gleichzeitig entsteht Raum f\u00fcr pers\u00f6nliche Gespr\u00e4che und gezieltes Networking.<br \/>\n\u201eDie Kunststoffindustrie befindet sich mitten in einem tiefgreifenden Wandel hin zu mehr Nachhaltigkeit und Kreislaufwirtschaft\u201c, betont Bettina Dempewolf, Leiterin Kommunikation bei PlasticsEurope Deutschland. \u201eGerade deshalb brauchen wir engagierte Nachwuchskr\u00e4fte, die diesen Wandel aktiv mitgestalten. Der Karriere-Freitag ist eine hervorragende Gelegenheit, junge Menschen f\u00fcr diese Aufgabe zu begeistern und ihnen die Vielfalt unserer Branche n\u00e4herzubringen.\u201c<\/p>\n<p>\u201eDie Branche bietet enorme Chancen f\u00fcr junge Talente \u2013 von Hightech-Anwendungen bis hin zu nachhaltigen Innovationen\u201c, erg\u00e4nzt Messebeir\u00e4tin Susanne Zinckgraf, Head of Strategic Marketing bei WITTMANN Group. \u201eInitiativen wie der Karriere-Freitag sind entscheidend, um diese Perspektiven sichtbar zu machen und den direkten Austausch zwischen Unternehmen und Nachwuchs zu f\u00f6rdern.\u201c<\/p>\n<\/div>\n<div class=\"vc_custom_heading_wrap \">\n<div class=\"heading-text el-text\">\n<h2 class=\"h4\">Kunststoffbranche als Treiber f\u00fcr Innovation und Nachhaltigkeit<\/h2>\n<\/div>\n<div class=\"clear\"><\/div>\n<\/div>\n<div class=\"uncode_text_column\">\n<p>Die Kunststoffindustrie gilt als Schl\u00fcsselbranche f\u00fcr zahlreiche Zukunftsthemen \u2013 von ressourcenschonender Produktion \u00fcber Leichtbau bis hin zu innovativen Recyclingl\u00f6sungen. Unternehmen investieren kontinuierlich in neue Technologien und nachhaltige Konzepte, wodurch sich attraktive und vielseitige Berufsfelder er\u00f6ffnen.<\/p>\n<p>Die Resonanz aus der Industrie ist durchweg positiv. Bedeutende Unternehmen beteiligen sich mit eigenen Aktionen, Pr\u00e4sentationen und Gespr\u00e4chsangeboten \u2013 ein deutliches Zeichen f\u00fcr den hohen Stellenwert der Nachwuchsf\u00f6rderung.<\/p>\n<p>Bereits im Vorfeld verzeichnet die Veranstaltung gro\u00dfes Interesse aus der Bildungslandschaft. Schulen, Hochschulen und Bildungseinrichtungen planen bereits gezielte Besuche, um ihren Sch\u00fclerinnen und Sch\u00fclern beziehungsweise Studierenden praxisnahe Orientierung zu bieten.<\/p>\n<p>Die enge Zusammenarbeit zwischen Veranstalter, Industrie und Verb\u00e4nden unterstreicht die Relevanz des Formats und sorgt f\u00fcr ein vielseitiges Programm mit nachhaltigem Mehrwert f\u00fcr alle Beteiligten.<\/p>\n<\/div>\n<div class=\"vc_custom_heading_wrap \">\n<div class=\"heading-text el-text\">\n<h2 class=\"h4\">Kostenfreier Zugang und Einladung an den Nachwuchs<\/h2>\n<\/div>\n<div class=\"clear\"><\/div>\n<\/div>\n<div class=\"uncode_text_column\">\n<p>Der Karriere-Freitag richtet sich gezielt an Sch\u00fclerinnen und Sch\u00fcler, Studierende, Lehrkr\u00e4fte sowie Berufseinsteiger. Der Besuch ist kostenfrei und bietet eine einmalige Gelegenheit, die Welt der Kunststoffverarbeitung live zu erleben.<\/p>\n<p>Mit dem Format \u201eMold your dreams, mold your future\u201c setzt die Fakuma ein klares Zeichen: Die Zukunft der Kunststoffbranche liegt in den H\u00e4nden engagierter Nachwuchskr\u00e4fte \u2013 und diese sollen fr\u00fchzeitig inspiriert, informiert und vernetzt werden.<\/p>\n<p>Die 30. Fakuma l\u00e4dt daher alle Interessierten herzlich ein, am 16. Oktober 2026 Teil dieses besonderen Messeerlebnisses zu werden \u2013 und die eigenen beruflichen Perspektiven inspiriert zu formen.<\/p>\n<\/div>\n","protected":false},"excerpt":{"rendered":"<p>Nach der erfolgreichen Premiere setzt die Fakuma erneut ein starkes Signal f\u00fcr die Nachwuchsf\u00f6rderung: Im Rahmen der 30. Fakuma veranstaltet der Messeveranstalter&#8230;<\/p>\n","protected":false},"author":2,"featured_media":43482,"comment_status":"closed","ping_status":"closed","sticky":false,"template":"","format":"standard","meta":{"footnotes":""},"categories":[24,16],"tags":[],"series":[],"class_list":["post-43481","post","type-post","status-publish","format-standard","has-post-thumbnail","hentry","category-plas-tv-meldungen-auf-der-startseite-unterhalb-slider","category-plast-tv-textmeldungen"],"_links":{"self":[{"href":"https:\/\/plas.tv\/index.php?rest_route=\/wp\/v2\/posts\/43481","targetHints":{"allow":["GET"]}}],"collection":[{"href":"https:\/\/plas.tv\/index.php?rest_route=\/wp\/v2\/posts"}],"about":[{"href":"https:\/\/plas.tv\/index.php?rest_route=\/wp\/v2\/types\/post"}],"author":[{"embeddable":true,"href":"https:\/\/plas.tv\/index.php?rest_route=\/wp\/v2\/users\/2"}],"replies":[{"embeddable":true,"href":"https:\/\/plas.tv\/index.php?rest_route=%2Fwp%2Fv2%2Fcomments&post=43481"}],"version-history":[{"count":1,"href":"https:\/\/plas.tv\/index.php?rest_route=\/wp\/v2\/posts\/43481\/revisions"}],"predecessor-version":[{"id":43483,"href":"https:\/\/plas.tv\/index.php?rest_route=\/wp\/v2\/posts\/43481\/revisions\/43483"}],"wp:featuredmedia":[{"embeddable":true,"href":"https:\/\/plas.tv\/index.php?rest_route=\/wp\/v2\/media\/43482"}],"wp:attachment":[{"href":"https:\/\/plas.tv\/index.php?rest_route=%2Fwp%2Fv2%2Fmedia&parent=43481"}],"wp:term":[{"taxonomy":"category","embeddable":true,"href":"https:\/\/plas.tv\/index.php?rest_route=%2Fwp%2Fv2%2Fcategories&post=43481"},{"taxonomy":"post_tag","embeddable":true,"href":"https:\/\/plas.tv\/index.php?rest_route=%2Fwp%2Fv2%2Ftags&post=43481"},{"taxonomy":"series","embeddable":true,"href":"https:\/\/plas.tv\/index.php?rest_route=%2Fwp%2Fv2%2Fseries&post=43481"}],"curies":[{"name":"wp","href":"https:\/\/api.w.org\/{rel}","templated":true}]}}