{"id":44209,"date":"2026-09-01T09:56:41","date_gmt":"2026-09-01T07:56:41","guid":{"rendered":"https:\/\/plas.tv\/?p=44209"},"modified":"2026-08-28T08:58:17","modified_gmt":"2026-08-28T06:58:17","slug":"halbjahresabschluss-2026-der-ems-gruppe","status":"publish","type":"post","link":"https:\/\/plas.tv\/?p=44209","title":{"rendered":"Halbjahresabschluss 2026 der EMS-Gruppe"},"content":{"rendered":"<div class=\"row justify-content-center mx-3 mx-sm-4 mx-lg-6\">\n<div class=\"px-lg-6 px-md-4 px-sm-2 px-0 w-100\">\n<div class=\"d-flex row\">\n<div class=\"d-none d-sm-block\"><\/div>\n<div class=\"cs2news-detail-flex col-12 mx-xl-n6 mx-lg-n5 mx-md-n5 mx-sm-n5 mx-xs-0\">\n<p>Die EMS-Gruppe hat am 10. Juli 2026 den provisorischen Halbjahresabschluss 2026 publiziert. Nun liegt der definitive konsolidierte Halbjahresabschluss vor, welcher auf den Einzelabschl\u00fcssen der Konzerngesellschaften per 30. Juni 2026 basiert. Der definitive Halbjahresabschluss weist keine wesentlichen Abweichungen zum provisorischen Abschluss auf.<\/p>\n<p>Die EMS-Gruppe erreichte einen konsolidierten <strong>Nettoumsatz <\/strong>von CHF 1&#8217;010 Mio. (1&#8217;020). Trotz eines geopolitisch belastenden Umfeldes, einer geschw\u00e4chten Industriekonjunktur und einem st\u00e4rkeren Schweizer Franken konnte EMS dank einer konsequenten Wachstumsstrategie mit hochmargigen Spezialit\u00e4ten und Innovationen erfreuliche Neugesch\u00e4fte dazugewinnen und die Ertragskraft deutlich ausbauen. In lokalen W\u00e4hrungen wuchs der Umsatz 4.3% zum Vorjahr. Das <strong>Betriebsergebnis (EBIT)<\/strong> erh\u00f6hte sich um 4.4% zum Vorjahr auf CHF 309 Mio. (296). Die <strong>Ergebnismarge <\/strong>stieg auf 30.6%.<\/p>\n<p>Wie erwartet, zeigten sich Konsumenten und Unternehmen verunsichert \u00fcber den Verlauf der weltwirtschaftlichen Entwicklung. Die wechselhafte US-Handelspolitik und der entbrannte Nahost-Krieg dr\u00fcckten auf die Konsumstimmung. Der Schweizer Franken erstarkte deutlich. Die Verknappung der \u00d6l- und Gasversorgung aus dem Nahen Osten liess die Energiepreise unmittelbar ansteigen. Die Industriekonjunktur schw\u00e4chte sich ab.<\/p>\n<p>EMS gelang es, dank einer konsequenten Wachstumsstrategie mit hochmargigen Spezialit\u00e4ten und Innovationen im herausfordernden geopolitischen Umfeld \u00e4usserst positive Resultate zu erzielen. Man stellte sich bereits Anfang Jahr 2026 auf ein herausforderndes konjunkturelles Umfeld ein. Neue energie-, kosten- und gewichtssparende L\u00f6sungen wurden erfolgreich in den internationalen M\u00e4rkten realisiert. So verzeichnete EMS einen erfreulichen Gesch\u00e4ftsverlauf mit wachsenden Absatzmengen.<\/p>\n<p>EMS stellte sich fr\u00fchzeitig auf m\u00f6gliche internationale Handelsbarrieren ein und strukturierte die eigenen Lieferketten entsprechend. Die in den USA verkauften Produkte werden fast ausschliesslich in den USA produziert oder sind als wichtige Spezialit\u00e4ten von US-Z\u00f6llen befreit. Im Nahen Osten unterh\u00e4lt EMS keine Gesch\u00e4ftsbeziehungen. Die Lieferf\u00e4higkeit der weltweiten EMS-Gesellschaften ist sichergestellt.<\/p>\n<p>Dank der starken Spezialit\u00e4tenposition, Kostendisziplin und vorausschauender Planung gelang es EMS, in einem herausfordernden Marktumfeld mit schw\u00e4cheren Fremdw\u00e4hrungen ein <strong>Betriebsergebnis (EBIT)<\/strong> von CHF 309 Mio. (296) und ein Betriebsergebnis vor Abschreibungen (EBITDA) von CHF 335 Mio. (324) zu erreichen. Der EBIT lag damit 4.4% und der EBITDA 3.6% \u00fcber Vorjahr. Die EBIT-Marge betr\u00e4gt hohe 30.6% (29.1%), die EBITDA-Marge 33.2% (31.7%).<\/p>\n<p>Das <strong>Finanzergebnis<\/strong> betrug CHF +1 Mio. (-7). Der <strong>Nettogewinn<\/strong> f\u00fcr das 1. Halbjahr 2026 erreichte CHF 259 Mio. (253) und lag damit 2.5% \u00fcber Vorjahr. Das <strong>Eigenkapital<\/strong> zurechenbar auf Aktion\u00e4re der EMS-CHEMIE HOLDING AG erh\u00f6hte sich auf CHF 2&#8217;098 Mio. (31.12.2025: CHF 1&#8217;855 Mio.). Die <strong>Eigenkapitalquote<\/strong> betr\u00e4gt 81.1% (31.12.2025: 83.3%).<\/p>\n<p><strong>Verst\u00e4rkung Gesch\u00e4ftsleitung ab 1. September 2026\u00a0<\/strong><br \/>\nDarko Radanovic, seit 1992 in verschiedenen Positionen und Verantwortungen in der EMS-Gruppe t\u00e4tig, zuletzt als Leiter EMS-GRIVORY Europa und Amerika, wird per 1. September 2026 Mitglied der Gesch\u00e4ftsleitung der EMS-Gruppe.<\/p>\n<\/div>\n<\/div>\n<\/div>\n<\/div>\n<div class=\"ce-uploads\">\n<div class=\"row\">\n<div class=\"col-12 mx-3 mx-sm-4 mx-lg-6\">\n<div class=\"d-flex file-items py-3\"><a class=\"text-decoration-none font-weight-bolder text-black text-break\" href=\"https:\/\/www.ems-group.com\/fileadmin\/user_upload\/EMS-Group\/news\/2026\/2026-08-28_Finanzbericht\/MM_Definitiver_Halbjahresabschluss_2026_531564.pdf\" target=\"_blank\" rel=\"noopener\"> Definitiver Halbjahresabschluss 2026 der EMS-Gruppe [pdf] <\/a><\/div>\n<\/div>\n<\/div>\n<\/div>\n","protected":false},"excerpt":{"rendered":"<p>Die EMS-Gruppe hat am 10. Juli 2026 den provisorischen Halbjahresabschluss 2026 publiziert. Nun liegt der definitive konsolidierte&#8230;<\/p>\n","protected":false},"author":2,"featured_media":6423,"comment_status":"closed","ping_status":"closed","sticky":false,"template":"","format":"standard","meta":{"footnotes":""},"categories":[24,16],"tags":[],"series":[],"class_list":["post-44209","post","type-post","status-publish","format-standard","has-post-thumbnail","hentry","category-plas-tv-meldungen-auf-der-startseite-unterhalb-slider","category-plast-tv-textmeldungen"],"_links":{"self":[{"href":"https:\/\/plas.tv\/index.php?rest_route=\/wp\/v2\/posts\/44209","targetHints":{"allow":["GET"]}}],"collection":[{"href":"https:\/\/plas.tv\/index.php?rest_route=\/wp\/v2\/posts"}],"about":[{"href":"https:\/\/plas.tv\/index.php?rest_route=\/wp\/v2\/types\/post"}],"author":[{"embeddable":true,"href":"https:\/\/plas.tv\/index.php?rest_route=\/wp\/v2\/users\/2"}],"replies":[{"embeddable":true,"href":"https:\/\/plas.tv\/index.php?rest_route=%2Fwp%2Fv2%2Fcomments&post=44209"}],"version-history":[{"count":1,"href":"https:\/\/plas.tv\/index.php?rest_route=\/wp\/v2\/posts\/44209\/revisions"}],"predecessor-version":[{"id":44210,"href":"https:\/\/plas.tv\/index.php?rest_route=\/wp\/v2\/posts\/44209\/revisions\/44210"}],"wp:featuredmedia":[{"embeddable":true,"href":"https:\/\/plas.tv\/index.php?rest_route=\/wp\/v2\/media\/6423"}],"wp:attachment":[{"href":"https:\/\/plas.tv\/index.php?rest_route=%2Fwp%2Fv2%2Fmedia&parent=44209"}],"wp:term":[{"taxonomy":"category","embeddable":true,"href":"https:\/\/plas.tv\/index.php?rest_route=%2Fwp%2Fv2%2Fcategories&post=44209"},{"taxonomy":"post_tag","embeddable":true,"href":"https:\/\/plas.tv\/index.php?rest_route=%2Fwp%2Fv2%2Ftags&post=44209"},{"taxonomy":"series","embeddable":true,"href":"https:\/\/plas.tv\/index.php?rest_route=%2Fwp%2Fv2%2Fseries&post=44209"}],"curies":[{"name":"wp","href":"https:\/\/api.w.org\/{rel}","templated":true}]}}